{"id":264560,"date":"2026-08-31T05:33:13","date_gmt":"2026-08-31T05:33:13","guid":{"rendered":"https:\/\/www.europesays.com\/ee\/264560\/"},"modified":"2026-08-31T05:33:13","modified_gmt":"2026-08-31T05:33:13","slug":"puhapaeval-juhtus-jalgratturite-ja-elektritoukeratturitega-kumme-vigastustega-loppenud-liiklusonnetust","status":"publish","type":"post","link":"https:\/\/www.europesays.com\/ee\/264560\/","title":{"rendered":"P\u00fchap\u00e4eval juhtus jalgratturite ja elektrit\u00f5ukeratturitega k\u00fcmme vigastustega l\u00f5ppenud liiklus\u00f5nnetust"},"content":{"rendered":"<p>Kell 10.19 juhtus liiklus\u00f5nnetus P\u00e4rnus Esplanaadi tn 4 juures, kus 11-aastane poiss s\u00f5itis jalgrattaga kergliiklusteel ja kukkus. Jalgrattur toimetati haiglasse.<\/p>\n<p>Kell 14.59 juhtus liiklus\u00f5nnetus Harjumaal  Saue vallas Vansi k\u00fclas Munalaskme &#8211; Laitse tee 7. kilomeetril, kus 61-aastane mees s\u00f5itis s\u00f5iduautoga Ford Transit teelt v\u00e4lja vastu puud. S\u00f5iduki juht toimetati haiglasse kontrolli.<\/p>\n<p>Kell 16.30 uhtus liiklus\u00f5nnetus Narva-J\u00f5esuus Pargi ja Koidu samaliigiliste t\u00e4navate ristmikul, kus jalgrattur, 71-aastane naine, ei veendunud man\u00f6\u00f6vri ohutuses ja p\u00f5rkas kokku paremalt tulnud s\u00f5iduautoga Toyota Previa, mida juhtis 67-aastane mees. Jalgrattur toimetati haiglasse.<\/p>\n<p>Kell 17.33 juhtus liiklus\u00f5nnetus K\u00e4rdlas Rookopli tn 2 juures, kus jalgrattaga s\u00f5itnud 10-aastane t\u00fcdruk kaotas s\u00f5iduki \u00fcle kontrolli ja kukkus. Jalgrattur toimetati haiglasse.<\/p>\n<p>Kell 18.54 juhtus liiklus\u00f5nnetus P\u00e4rnus Lavassaare alevis P\u00e4rnu mnt 9 juures, kus 11-aastane t\u00fcdruk s\u00f5itis elektrilise t\u00f5ukerattaga ja kukkus. T\u00f5ukerattur toimetati haiglasse.<\/p>\n<p>Kell 19.07 juhtus liiklus\u00f5nnetus P\u00e4rnus Paikuse alevis P\u00e4rnade pst 9 juures, kus 12-aastane t\u00fcdruk s\u00f5itis elektrilise t\u00f5ukerattaga ja kukkus. T\u00f5ukerattur toimetati haiglasse.<\/p>\n<p>Kell 19.24 juhtus liiklus\u00f5nnetus Maardus Muuga tee l\u00f5ik 1 juures, kus 49-aastane mees s\u00f5itis elektrilise t\u00f5ukerattaga ja kukkus. T\u00f5ukerattur toimetati haiglasse.<\/p>\n<p>Kell 19.26 juhtus liiklus\u00f5nnetus Harjumaal Harku vallas Suurupi k\u00fclas Liivakivi tee 89 juures, kus alkoholijoobe tunnustega 54-aastane mees s\u00f5itis jalgrattaga ja kukkus. Jalgrattur toimetati haiglasse.<\/p>\n<p>Kell 19.55 juhtus liiklus\u00f5nnetus Tallinnas E. Vilde tee 85 juures, kus 17-aastane neiu s\u00f5itis jalgrattaga ja kukkus. Jalgrattur toimetati haiglasse.<\/p>\n<p>Kell 21.37 juhtus liiklus\u00f5nnetus Tallinnas Tulekivi tn 1 juures, kus 30-aastane mees s\u00f5itis elektrilise t\u00f5ukerattaga ja kukkus. T\u00f5ukerattur toimetati haiglasse.<\/p>\n<p>Kell 23.52 juhtus liiklus\u00f5nnetus Tallinnas J\u00e4rve tn 2 juures, kus 25-aastane mees s\u00f5itis jalgrattaga ja kukkus. Jalgrattur toimetati haiglasse.<\/p>\n<p>P\u00f5hja prefektuur otsib \u00e4randatud punast Mazda MX-30 (2021) numbrim\u00e4rgiga 981GXW. L\u00f5una prefektuur otsib \u00e4randatud kerghaagist Respo numbrim\u00e4rgiga 498YND.<\/p>\n<p><a href=\"https:\/\/www.delfi.ee\/artikkel\/120607140\/puhapaeval-juhtus-jalgratturite-ja-elektritoukeratturitega-kumme-vigastustega-loppenud-liiklusonnetust\/kommentaarid\" class=\"button button--primary button--size-auto article-body-bottom__comment article-body-bottom__comment--write\" style=\"\" rel=\"nofollow noopener\" target=\"_blank\">Kommenteeri<\/a><a href=\"https:\/\/www.delfi.ee\/artikkel\/120607140\/puhapaeval-juhtus-jalgratturite-ja-elektritoukeratturitega-kumme-vigastustega-loppenud-liiklusonnetust\/kommentaarid\" class=\"button button--size-auto article-body-bottom__comment article-body-bottom__comment--read\" style=\"\" rel=\"nofollow noopener\" target=\"_blank\">Loe kommentaare (14)<\/a><\/p>\n","protected":false},"excerpt":{"rendered":"Kell 10.19 juhtus liiklus\u00f5nnetus P\u00e4rnus Esplanaadi tn 4 juures, kus 11-aastane poiss s\u00f5itis jalgrattaga kergliiklusteel ja kukkus. Jalgrattur&hellip;\n","protected":false},"author":2,"featured_media":264561,"comment_status":"","ping_status":"","sticky":false,"template":"","format":"standard","meta":{"footnotes":"","_share_on_mastodon":"0"},"categories":[12],"tags":[687,679,667,26,27,673,688,663,662,37,33,35,684,683,692,34,36,31,32,208,148,21,206,668,669,381,686,677,694,691,339,680,28,29,671,672,377,690,144,678,665,19,693,676,666,25,322,664,150,695,685,159,394,682,674,675,23,24,689,222,22,20,670,681,149,30],"class_list":["post-264560","post","type-post","status-publish","format-standard","has-post-thumbnail","category-eesti","tag-ajaviide","tag-autoleht","tag-blog","tag-breaking-news","tag-breakingnews","tag-cv","tag-date","tag-defli","tag-delfi","tag-ee","tag-eesti","tag-eesti-keel","tag-ekaart","tag-email","tag-erootika","tag-estonia","tag-estonian","tag-featured-news","tag-featurednews","tag-film","tag-foto","tag-headlines","tag-horoskoop","tag-ilm","tag-ilmaennustus","tag-internet","tag-kaart","tag-kava","tag-kindlustus","tag-kinnisvara","tag-kuulutused","tag-lasteleht","tag-latest-news","tag-latestnews","tag-loto","tag-majandus","tag-mangud","tag-mobiil","tag-muusika","tag-naisteleht","tag-naljad","tag-news","tag-otsing","tag-pank","tag-pilt","tag-populaarseimad-lood","tag-raadio","tag-reklaam","tag-seks","tag-sms","tag-solo","tag-sport","tag-tarkvara","tag-tasuta","tag-too","tag-toopakkumised","tag-top-stories","tag-topstories","tag-tutvus","tag-tv","tag-uldised-uudised","tag-uudised","tag-valimised","tag-valuuta","tag-video","tag-viimased-uudised"],"share_on_mastodon":{"url":"","error":"Validation failed: Text character limit of 500 exceeded"},"_links":{"self":[{"href":"https:\/\/www.europesays.com\/ee\/wp-json\/wp\/v2\/posts\/264560","targetHints":{"allow":["GET"]}}],"collection":[{"href":"https:\/\/www.europesays.com\/ee\/wp-json\/wp\/v2\/posts"}],"about":[{"href":"https:\/\/www.europesays.com\/ee\/wp-json\/wp\/v2\/types\/post"}],"author":[{"embeddable":true,"href":"https:\/\/www.europesays.com\/ee\/wp-json\/wp\/v2\/users\/2"}],"replies":[{"embeddable":true,"href":"https:\/\/www.europesays.com\/ee\/wp-json\/wp\/v2\/comments?post=264560"}],"version-history":[{"count":0,"href":"https:\/\/www.europesays.com\/ee\/wp-json\/wp\/v2\/posts\/264560\/revisions"}],"wp:featuredmedia":[{"embeddable":true,"href":"https:\/\/www.europesays.com\/ee\/wp-json\/wp\/v2\/media\/264561"}],"wp:attachment":[{"href":"https:\/\/www.europesays.com\/ee\/wp-json\/wp\/v2\/media?parent=264560"}],"wp:term":[{"taxonomy":"category","embeddable":true,"href":"https:\/\/www.europesays.com\/ee\/wp-json\/wp\/v2\/categories?post=264560"},{"taxonomy":"post_tag","embeddable":true,"href":"https:\/\/www.europesays.com\/ee\/wp-json\/wp\/v2\/tags?post=264560"}],"curies":[{"name":"wp","href":"https:\/\/api.w.org\/{rel}","templated":true}]}}