{"id":264576,"date":"2026-08-31T05:54:12","date_gmt":"2026-08-31T05:54:12","guid":{"rendered":"https:\/\/www.europesays.com\/ee\/264576\/"},"modified":"2026-08-31T05:54:12","modified_gmt":"2026-08-31T05:54:12","slug":"usa-senaator-blumenthal-kutsus-esindajatekoda-venemaa-vastaseid-sanktsioone-heaks-kiitma-sest-on-aarmise-hadavajaduse-hetk","status":"publish","type":"post","link":"https:\/\/www.europesays.com\/ee\/264576\/","title":{"rendered":"USA senaator Blumenthal kutsus esindajatekoda Venemaa-vastaseid sanktsioone heaks kiitma, sest on \u00e4\u00e4rmise h\u00e4davajaduse hetk"},"content":{"rendered":"<p>\u201eSee on \u00e4\u00e4rmise h\u00e4davajaduse hetk p\u00f5hjusel, et Putin v\u00f5ib p\u00fc\u00fcda eskaleerida, aga ka seet\u00f5ttu, et Putin on majanduslikult nurka surutud,\u201c \u00fctles Blumenthal telekanalile CBS News. \u201eJa selline sanktsioonide eeln\u00f5u, mis piirab tulude voogu tema s\u00f5jamasina jaoks, v\u00f5ib tema v\u00f5ime seda j\u00f5hkrat ja m\u00f5rvarlikku s\u00f5da pidada t\u00e4ielikult \u00e4ra l\u00f5igata.\u201c<\/p>\n<p>Senat kiitis eeln\u00f5u heaks enne augustikuisele puhkusele minekut, millele andis t\u00f5uke eeln\u00f5u \u00fche algataja, senaator <a rel=\"noopener nofollow\" target=\"_blank\" href=\"https:\/\/www.delfi.ee\/teema\/79061458\/lindsey-graham\" tag-id=\"79061458\">Lindsey Grahami<\/a> \u00e4kksurm. N\u00fc\u00fcd on eeln\u00f5u sel n\u00e4dalal viien\u00e4dalaselt puhkuselt naasva esindajatekoja arutada. Seal on aga eeln\u00f5u v\u00e4ljavaated ebakindlad.<\/p>\n<p>Eeln\u00f5u j\u00e4rgi saaks president kehtestada kuni sajaprotsendised tollimaksud Vene nafta ja gaasi viiele suurimale ostjale. Erandiks on riigid, mis impordivad Venemaalt alla 15% oma naftast ja gaasist ning mis astuvad samme impordi v\u00e4hendamiseks. M\u00f5ned esindajatekoja demokraadid on aga v\u00e4ljendanud muret presidendile lisavolituste andmise \u00fcle.<\/p>\n<p>Blumenthal osutas seda kommenteerides presidendi suurematele volitustele \u201ekehtestada k\u00f5rvetavaid sanktsioone oligarhidele\u201c ja finantsinstitutsioonidele ning meetmetele varilaevastiku vastu. Samuti sellele, et tollimaksude kehtestamise volitused on piiratud Vene nafta ja gaasi viie suurima ostjaga.<\/p>\n<p>Blumenthal \u00fctles majanduslikele v\u00e4ljavaadetele viidates, et sanktsioonide eeln\u00f5u v\u00f5ib n\u00f5rgestada Venemaa valitseja <a rel=\"noopener nofollow\" target=\"_blank\" href=\"https:\/\/www.delfi.ee\/teema\/23342331\/vladimir-putin\" tag-id=\"23342331\">Vladimir Putini<\/a> positsiooni.<\/p>\n<p>\u201eTema majandus on suure kriisi \u00e4\u00e4rel,\u201c \u00fctles Blumenthal. \u201eTeda \u00e4hvardab 125 miljardi dollarine puuduj\u00e4\u00e4k, 5% tema SKP-st, intressim\u00e4\u00e4r 14% tema riigiv\u00f5lale.\u201c<\/p>\n<p>Blumenthal \u00fctles, et on v\u00e4ga lootusrikas, et sanktsioonide eeln\u00f5u leiab demokraatide hulgas piisavalt toetust, et esindajatekojas l\u00e4bi minna. Blumenthal lisas, et kutsus eelmisel n\u00e4dalal Ukrainat k\u00fclastades president Volod\u00f5m\u00f5r Zelensk\u00f5id esindajakoja liikmetega kohtuma, nagu ta kohtus varem senaatoritega.<\/p>\n<p>Kuidas see lugu Sind end tundma pani?Saada<a href=\"https:\/\/www.delfi.ee\/artikkel\/120607151\/usa-senaator-blumenthal-kutsus-esindajatekoda-venemaa-vastaseid-sanktsioone-heaks-kiitma-sest-on-aarmise-hadavajaduse-hetk\/kommentaarid\" class=\"button button--primary button--size-auto article-body-bottom__comment article-body-bottom__comment--write\" style=\"\" rel=\"nofollow noopener\" target=\"_blank\">Kommenteeri<\/a><a href=\"https:\/\/www.delfi.ee\/artikkel\/120607151\/usa-senaator-blumenthal-kutsus-esindajatekoda-venemaa-vastaseid-sanktsioone-heaks-kiitma-sest-on-aarmise-hadavajaduse-hetk\/kommentaarid\" class=\"button button--size-auto article-body-bottom__comment article-body-bottom__comment--read\" style=\"\" rel=\"nofollow noopener\" target=\"_blank\">Loe kommentaare (8)<\/a><\/p>\n","protected":false},"excerpt":{"rendered":"\u201eSee on \u00e4\u00e4rmise h\u00e4davajaduse hetk p\u00f5hjusel, et Putin v\u00f5ib p\u00fc\u00fcda eskaleerida, aga ka seet\u00f5ttu, et Putin on majanduslikult&hellip;\n","protected":false},"author":2,"featured_media":264577,"comment_status":"","ping_status":"","sticky":false,"template":"","format":"standard","meta":{"footnotes":"","_share_on_mastodon":"0"},"categories":[80],"tags":[26,27,37,33,35,34,36,31,32,21,28,29,1210,95,19,25,59564,107,23,24,262,22,4249,20,96,30,661,263,92,93,94],"class_list":["post-264576","post","type-post","status-publish","format-standard","has-post-thumbnail","category-maailm","tag-breaking-news","tag-breakingnews","tag-ee","tag-eesti","tag-eesti-keel","tag-estonia","tag-estonian","tag-featured-news","tag-featurednews","tag-headlines","tag-latest-news","tag-latestnews","tag-lindsey-graham","tag-maailm","tag-news","tag-populaarseimad-lood","tag-richard-blumenthal","tag-soda-ukrainas","tag-top-stories","tag-topstories","tag-ukraina","tag-uldised-uudised","tag-usa-kongress","tag-uudised","tag-venemaa","tag-viimased-uudised","tag-vladimir-putin","tag-volodomor-zelenskoi","tag-world","tag-world-news","tag-worldnews"],"share_on_mastodon":{"url":"","error":"Validation failed: Text character limit of 500 exceeded"},"_links":{"self":[{"href":"https:\/\/www.europesays.com\/ee\/wp-json\/wp\/v2\/posts\/264576","targetHints":{"allow":["GET"]}}],"collection":[{"href":"https:\/\/www.europesays.com\/ee\/wp-json\/wp\/v2\/posts"}],"about":[{"href":"https:\/\/www.europesays.com\/ee\/wp-json\/wp\/v2\/types\/post"}],"author":[{"embeddable":true,"href":"https:\/\/www.europesays.com\/ee\/wp-json\/wp\/v2\/users\/2"}],"replies":[{"embeddable":true,"href":"https:\/\/www.europesays.com\/ee\/wp-json\/wp\/v2\/comments?post=264576"}],"version-history":[{"count":0,"href":"https:\/\/www.europesays.com\/ee\/wp-json\/wp\/v2\/posts\/264576\/revisions"}],"wp:featuredmedia":[{"embeddable":true,"href":"https:\/\/www.europesays.com\/ee\/wp-json\/wp\/v2\/media\/264577"}],"wp:attachment":[{"href":"https:\/\/www.europesays.com\/ee\/wp-json\/wp\/v2\/media?parent=264576"}],"wp:term":[{"taxonomy":"category","embeddable":true,"href":"https:\/\/www.europesays.com\/ee\/wp-json\/wp\/v2\/categories?post=264576"},{"taxonomy":"post_tag","embeddable":true,"href":"https:\/\/www.europesays.com\/ee\/wp-json\/wp\/v2\/tags?post=264576"}],"curies":[{"name":"wp","href":"https:\/\/api.w.org\/{rel}","templated":true}]}}