{"id":264580,"date":"2026-08-31T06:05:31","date_gmt":"2026-08-31T06:05:31","guid":{"rendered":"https:\/\/www.europesays.com\/ee\/264580\/"},"modified":"2026-08-31T06:05:31","modified_gmt":"2026-08-31T06:05:31","slug":"vaata-otseulekannet-%e2%9f%a9-nasa-saadab-tana-kosmosesse-tumeainet-jahtiva-teleskoobi-mida-trumpi-valitsused-puudsid-korduvalt-tuhistada","status":"publish","type":"post","link":"https:\/\/www.europesays.com\/ee\/264580\/","title":{"rendered":"VAATA OTSE\u00dcLEKANNET \u27e9 NASA saadab t\u00e4na kosmosesse tumeainet jahtiva teleskoobi, mida Trumpi valitsused p\u00fc\u00fcdsid korduvalt t\u00fchistada"},"content":{"rendered":"<p>NASA kavatseb saata t\u00e4na, 30. augustil, kosmosesse 4,3 miljardi dollari maksumusega Nancy Grace Romani j\u00e4rgi nimetatud kosmoseteleskoobi. Hubble\u2019i teravuse ja sada korda avarama vaatev\u00e4ljaga observatoorium hakkab uurima tumeenergiat ja tumeainet, otsima eksoplaneete ning kaardistama miljardeid galaktikaid. Teleskoobi valmimine polnud siiski sugugi kindel: Donald Trumpi administratsioon \u00fcritas selle rahastamist korduvalt l\u00f5petada.<\/p>\n","protected":false},"excerpt":{"rendered":"NASA kavatseb saata t\u00e4na, 30. augustil, kosmosesse 4,3 miljardi dollari maksumusega Nancy Grace Romani j\u00e4rgi nimetatud kosmoseteleskoobi. Hubble\u2019i&hellip;\n","protected":false},"author":2,"featured_media":264581,"comment_status":"","ping_status":"","sticky":false,"template":"","format":"standard","meta":{"footnotes":"","_share_on_mastodon":"0"},"categories":[80],"tags":[26,27,13977,37,33,35,79693,34,36,102669,31,32,102792,102795,21,27086,102793,102671,58976,102798,102791,28,29,95,102794,102790,303,19,102796,25,28922,102799,23,24,22739,102673,22,4249,20,30,102797,92,93,94],"class_list":["post-264580","post","type-post","status-publish","format-standard","has-post-thumbnail","category-maailm","tag-breaking-news","tag-breakingnews","tag-donald-trumpi-administratsioon","tag-ee","tag-eesti","tag-eesti-keel","tag-eksoplaneet","tag-estonia","tag-estonian","tag-falcon-heavy","tag-featured-news","tag-featurednews","tag-gravitatsioonilaats","tag-habitable-worlds-observatory","tag-headlines","tag-hubblei-kosmoseteleskoop","tag-ia-tuupi-supernoova","tag-james-webbi-kosmoseteleskoop","tag-kennedy-kosmosekeskus","tag-kosmoseastronoomia","tag-lagrangei-punkt-l2","tag-latest-news","tag-latestnews","tag-maailm","tag-mikrolaats","tag-nancy-grace-romani-kosmoseteleskoop","tag-nasa","tag-news","tag-nro","tag-populaarseimad-lood","tag-spacex","tag-teleskoobi-maksumus","tag-top-stories","tag-topstories","tag-tumeaine","tag-tumeenergia","tag-uldised-uudised","tag-usa-kongress","tag-uudised","tag-viimased-uudised","tag-wfirst","tag-world","tag-world-news","tag-worldnews"],"share_on_mastodon":{"url":"","error":"Validation failed: Text character limit of 500 exceeded"},"_links":{"self":[{"href":"https:\/\/www.europesays.com\/ee\/wp-json\/wp\/v2\/posts\/264580","targetHints":{"allow":["GET"]}}],"collection":[{"href":"https:\/\/www.europesays.com\/ee\/wp-json\/wp\/v2\/posts"}],"about":[{"href":"https:\/\/www.europesays.com\/ee\/wp-json\/wp\/v2\/types\/post"}],"author":[{"embeddable":true,"href":"https:\/\/www.europesays.com\/ee\/wp-json\/wp\/v2\/users\/2"}],"replies":[{"embeddable":true,"href":"https:\/\/www.europesays.com\/ee\/wp-json\/wp\/v2\/comments?post=264580"}],"version-history":[{"count":0,"href":"https:\/\/www.europesays.com\/ee\/wp-json\/wp\/v2\/posts\/264580\/revisions"}],"wp:featuredmedia":[{"embeddable":true,"href":"https:\/\/www.europesays.com\/ee\/wp-json\/wp\/v2\/media\/264581"}],"wp:attachment":[{"href":"https:\/\/www.europesays.com\/ee\/wp-json\/wp\/v2\/media?parent=264580"}],"wp:term":[{"taxonomy":"category","embeddable":true,"href":"https:\/\/www.europesays.com\/ee\/wp-json\/wp\/v2\/categories?post=264580"},{"taxonomy":"post_tag","embeddable":true,"href":"https:\/\/www.europesays.com\/ee\/wp-json\/wp\/v2\/tags?post=264580"}],"curies":[{"name":"wp","href":"https:\/\/api.w.org\/{rel}","templated":true}]}}