{"id":264588,"date":"2026-08-31T06:14:15","date_gmt":"2026-08-31T06:14:15","guid":{"rendered":"https:\/\/www.europesays.com\/ee\/264588\/"},"modified":"2026-08-31T06:14:15","modified_gmt":"2026-08-31T06:14:15","slug":"kait-lopetas-vigastuspausi-eriti-magusas-trilleris-paskotsi-taas-pingil-soccernet-ee","status":"publish","type":"post","link":"https:\/\/www.europesays.com\/ee\/264588\/","title":{"rendered":"K\u00e4it l\u00f5petas vigastuspausi eriti magusas trilleris (Paskot\u0161i taas pingil) &#8211; Soccernet.ee"},"content":{"rendered":"<p><img decoding=\"async\" src=\"https:\/\/www.europesays.com\/ee\/wp-content\/uploads\/2026\/08\/1784881656.jpg\" alt=\"Mattias K\u00e4it naasis platsile. Foto: Scanpix \/ SPP Sport Press Photo \/ Alamy\"\/>&#13;\n<\/p>\n<p>Mattias K\u00e4it naasis vigastuspausilt ja toetas Thuni seitsmev\u00e4ravalises trilleris 4:3 v\u00f5idule. Maksim Paskot\u0161i j\u00e4i taas pingile.<\/p>\n<p>Eesti koondise poolkaitsja Mattias K\u00e4it ravis jala terveks ja l\u00f5petas \u00fcle kuu kestnud vigastuspausi, kui sekkus Thuni n\u00e4rves\u00f6\u00f6vasse v\u00f5idum\u00e4ngu 79. minutil vahetusest. Kohtumine St. Galleniga sai hoo sisse juba 9. minutil, kui v\u00e4rava l\u00f5i Thun, kes avapoolaja ka v\u00f5itis. Teisel kolmveerandtunni esimestel minutitel skoorisid m\u00f5lemad leerid, siis uuesti Thun, tehes 58. minutil eduseisuks 4:1. St. Gallen l\u00f5i 75. minutil veel \u00fche tagasi ja 90. minutil kolmandagi, ent K\u00e4idi leerilt kolme punkti k\u00e4tte ei saanud.&#13;\n<\/p>\n<p>\u0160veitsi k\u00f5rgliiga hooaja neljandas m\u00e4ngus saadud v\u00f5it kergitas Thuni kuuele punktile ja kuuendale kohale. Uuel n\u00e4dalal m\u00e4ngib valitsev meister Lausanne&#8217;iga, kes on seni korjanud viie m\u00e4nguga viis punkti.&#13;\n<\/p>\n<p>Maksim Paskot\u0161i j\u00e4i see-eest teist m\u00e4ngu j\u00e4rjest vahetuspingile. Kui n\u00e4dala sees polnud tema oskusi tarvis Hiberniani vastu, siis 2:1 v\u00f5idetud liigam\u00e4ngus Club Brugge vastu moodustasid kolmese kaitseliini taas\u00a0El Bachir Ngom, Christian Burgess ja Siebe Van Der Heyden. Meeskonnad heitlesid avapoolaja 1:1 viiki, teise poolaja keskel j\u00e4i Brugge v\u00e4hemusse ja see andis Gentile v\u00e4ikese eelise. Selle kasutas 85. minutil viimaks \u00e4ra Ibrahima Cisse, kes sai seej\u00e4rel \u00fcleminutitel samuti punase kaardi.&#13;\n<\/p>\n<p>Kolmest m\u00e4ngust kolm v\u00f5itu teeninud Gent j\u00e4tkab Belgia k\u00f5rgliigas t\u00e4iseduga. Paskot\u0161il on seni kirjas 45 minutit. Uus v\u00f5imalus koosseisu murda saabub uuel n\u00e4dalal OH Leuveni vastu, kes on alustanud vaid kaotustega.<\/p>\n<p>Michalovce Zemplini ridadesse kuuluv Nikita Mihhailov j\u00e4i kolmandat mat\u0161i j\u00e4rjest k\u00f5rvale. Slovakkia k\u00f5rgliiga kuuendas voorus ootas ees aga t\u00f5eline maiuspala, kui k\u00fclla tuli t\u00e4iseduga alustanud Bratislava Slovan. Michalovcel \u00f5nnestus nende hoogu 2:1 v\u00f5iduga pidurdada ja t\u00f5usta kuuendale kohale.&#13;\n<\/p>\n<p>Eesti naiste koondise esikinnas Katarina Elisabeth K\u00e4pa tegi Poola esiliigas Konini Medyki ridades t\u00e4is- ja nullim\u00e4ngu, kui tulemusega 4:0 m\u00e4ngiti \u00fcle\u00a0Sosnowieci Czarni duubel. Olnud nelja liigam\u00e4nguga on Medyk teeninud k\u00fcmme punkti ja j\u00e4\u00e4b kohtumise enam pidanud liidrist maha viie punktiga.<\/p>\n","protected":false},"excerpt":{"rendered":"&#13; Mattias K\u00e4it naasis vigastuspausilt ja toetas Thuni seitsmev\u00e4ravalises trilleris 4:3 v\u00f5idule. Maksim Paskot\u0161i j\u00e4i taas pingile. Eesti&hellip;\n","protected":false},"author":2,"featured_media":264589,"comment_status":"","ping_status":"","sticky":false,"template":"","format":"standard","meta":{"footnotes":"","_share_on_mastodon":"0"},"categories":[18],"tags":[37,33,35,34,36,3091,6576,12821,1632,12823,3094,5651,12824,58306,12594,18069,3096,111,159,158,8582],"class_list":["post-264588","post","type-post","status-publish","format-standard","has-post-thumbnail","category-sport","tag-ee","tag-eesti","tag-eesti-keel","tag-estonia","tag-estonian","tag-gent","tag-kait","tag-kapa","tag-katarina-elisabeth-kapa","tag-konini-medyk","tag-maksim-paskotsi","tag-mattias-kait","tag-medyk","tag-michalovce","tag-mihhailov","tag-nikita-mihhailov","tag-paskotsi","tag-poola","tag-sport","tag-sports","tag-thun"],"share_on_mastodon":{"url":"https:\/\/pubeurope.com\/@ee\/117188655045698221","error":""},"_links":{"self":[{"href":"https:\/\/www.europesays.com\/ee\/wp-json\/wp\/v2\/posts\/264588","targetHints":{"allow":["GET"]}}],"collection":[{"href":"https:\/\/www.europesays.com\/ee\/wp-json\/wp\/v2\/posts"}],"about":[{"href":"https:\/\/www.europesays.com\/ee\/wp-json\/wp\/v2\/types\/post"}],"author":[{"embeddable":true,"href":"https:\/\/www.europesays.com\/ee\/wp-json\/wp\/v2\/users\/2"}],"replies":[{"embeddable":true,"href":"https:\/\/www.europesays.com\/ee\/wp-json\/wp\/v2\/comments?post=264588"}],"version-history":[{"count":0,"href":"https:\/\/www.europesays.com\/ee\/wp-json\/wp\/v2\/posts\/264588\/revisions"}],"wp:featuredmedia":[{"embeddable":true,"href":"https:\/\/www.europesays.com\/ee\/wp-json\/wp\/v2\/media\/264589"}],"wp:attachment":[{"href":"https:\/\/www.europesays.com\/ee\/wp-json\/wp\/v2\/media?parent=264588"}],"wp:term":[{"taxonomy":"category","embeddable":true,"href":"https:\/\/www.europesays.com\/ee\/wp-json\/wp\/v2\/categories?post=264588"},{"taxonomy":"post_tag","embeddable":true,"href":"https:\/\/www.europesays.com\/ee\/wp-json\/wp\/v2\/tags?post=264588"}],"curies":[{"name":"wp","href":"https:\/\/api.w.org\/{rel}","templated":true}]}}