{"id":264604,"date":"2026-08-31T06:40:18","date_gmt":"2026-08-31T06:40:18","guid":{"rendered":"https:\/\/www.europesays.com\/ee\/264604\/"},"modified":"2026-08-31T06:40:18","modified_gmt":"2026-08-31T06:40:18","slug":"usa-rundas-esimest-korda-kuu-aja-jooksul-iraani-valismaa","status":"publish","type":"post","link":"https:\/\/www.europesays.com\/ee\/264604\/","title":{"rendered":"USA r\u00fcndas esimest korda kuu aja jooksul Iraani | V\u00e4lismaa"},"content":{"rendered":"<p>USA v\u00e4ed r\u00fcndasid Iraanile kuuluval Laraki saarel kaht raketiseadeldist, teatas USA ametnik. Tegemist on esimese teadaoleva USA r\u00fcnnakuga Iraani vastu alates juuli l\u00f5pust. \u00dchendriikide president Donald Trump postitas sotsiaalmeediasse tehisaru abil loodud video Iraani Khargi saare pommitamisest.<\/p>\n<p>&#8220;M\u00e4rgati, et Islami revolutsioonilise kaardiv\u00e4e (IRGC) \u00fcksused valmistuvad Hormuzi v\u00e4ina meremiinidega rakette tulistama,&#8221; vahendas BBC USA partner CBS News USA keskv\u00e4ejuhatuse (Centcom) pressiesindaja kaptenleitnant Tim Hawkinsi s\u00f5nu.<\/p>\n<p>IRGC teatel hukkus ja sai p\u00fchap\u00e4evases r\u00fcnnakus haavata mitu inimest ning r\u00fchmitus lubas &#8220;vastusammu ja karistust&#8221;. Iraani riigimeedia teatas hiljem, et IRGC r\u00fcndas Jordaanias asuvaid USA s\u00f5jalisi sihtm\u00e4rke.<\/p>\n<p>Laraki saar asub strateegiliselt olulise Bandar Abbasi sadama l\u00e4histel ning paikneb otse Hormuzi v\u00e4inas, mis on \u00fclemaailmse laevaliikluse jaoks \u00fclioluline veetee.<\/p>\n<p>Praegu suunab Iraan tankereid kontrollimiseks saarest m\u00f6\u00f6da ning v\u00e4idetavalt sunnib laevu l\u00e4bis\u00f5idu eest maksma kaks miljonit dollarit.<\/p>\n<p>IRGC pressiesindaja Hossein Mohebbi nimetas r\u00fcnnakut USA president Donald Trumpi re\u017eiimi strateegiliseks ja saatuslikuks veaks ning lisas, et vaenlane kannab selle valearvestuse tagaj\u00e4rgi nii majandus- kui ka s\u00f5jalises valdkonnas.\u00a0<\/p>\n<p>Kaardiv\u00e4ega seotud Iraani uudisteagentuur Tasnim teatas varem, et r\u00fcnnak sooritati droonidega. Nende andmetel hukkus kaks inimest ja veel kaks sai vigastada.<\/p>\n<p>M\u00f5ni tund hiljem avaldas Iraani meedia IRGC avalduse, mille kohaselt r\u00fcnnati vastusena Laraki saare intsidendile ballistiliste rakettidega Jordaanias asuvaid Kuningas Husseini ja al-Azraqi USA s\u00f5jav\u00e4ebaase.<\/p>\n<p>Uudisteagentuuri AFP t\u00f5lke kohaselt teatas kaardiv\u00e4gi, et tekitas &#8220;raskeid kahjustusi&#8221; ning sihtm\u00e4rgiks olid &#8220;tehniline taristu, hooldusrajatised ja vaenlase h\u00e4vituslennukite positsioonid&#8221;.<\/p>\n<p>Eelmisel n\u00e4dalal teatas Trump, et k\u00f5ik miinid, mille Iraan veetee blokeerimiseks Hormuzi v\u00e4ina paigaldas, on \u00f5hitud v\u00f5i eemaldatud. Trumpi s\u00f5nul hoiatati Iraani, et iga uusi miine paigaldav laev v\u00f5i paat h\u00e4vitatakse.<\/p>\n<p>Iraani asev\u00e4lisminister Kazem Gharibabadi nimetas Trumpi v\u00e4idet propagandistlikuks pettuseks.<\/p>\n<p>Iraan on sattunud taas majandusliku surve alla, kuna Washington teatas 24. augustil uuest sanktsioonide kampaaniast, mille eesm\u00e4rk on Teherani veelgi enam isoleerida ja laiendada teiseseid sanktsioone Iraani liitlaste suhtes.<\/p>\n<p>Iraani ametiisikud ja riigimeedia on kampaania suures osas t\u00e4helepanuta j\u00e4tnud, nimetades seda varasemate USA majandusmeetmete j\u00e4tkuks. Nende v\u00e4itel j\u00e4rgnesid need meetmed Washingtoni s\u00f5jalisele eba\u00f5nnestumisele hiljutises konfliktis.<\/p>\n<p>USA ja Iisrael alustasid 28. veebruaril Iraani vastu laiaulatuslikke r\u00fcnnakuid. Iraan vastas Iisraeli, USA baaside ja P\u00e4rsia lahe liitlasriikide r\u00fcndamisega ja Hormuzi v\u00e4ina sulgemisega laevaliiklusele.\u00a0<\/p>\n<p>Iraani s\u00f5da on n\u00fc\u00fcdseks kestnud \u00fcle poole aasta.<\/p>\n<p>Enne s\u00f5ja puhkemist l\u00e4bis k\u00f5nealust veeteed umbes 20 protsenti kogu maailma naftast ja vedelgaasist.\u00a0<\/p>\n<p>Trump: Khargi saar pommitatakse pilbasteks<\/p>\n<p>USA president Donald Trump teatas \u00fcherealises sotsiaalmeediapostituses, et Iraani energiakeskus Khargi saar &#8220;lastakse pilbasteks&#8221;. Postitusele oli lisatud tehisintellektiga loodud videoklipp.<\/p>\n<p>Muud t\u00f5endid saare r\u00fcndamise kohta esialgu puudusid.<\/p>\n<p>Iraani meedia Trumpi postitusele esialgu ei reageerinud.<\/p>\n<p>&#8220;Khargi saar lastakse pilbasteks!!! President DJT,&#8221; kirjutas Trump sotsiaalmeedias, j\u00e4ttes t\u00e4psemad asjaolud selgitamata.<\/p>\n<p>Khargi saare r\u00fcndamine h\u00e4iriks t\u00f5siselt riigi energiakaubandust ja avaldaks majandusele tugevat survet, sest enne 28. veebruaril USA ja Iisraeli r\u00fcnnakutega alanud s\u00f5da toimus 90 protsenti Iraani naftaekspordist just selle saare kaudu.<\/p>\n<p>Nafta hind t\u00f5usis p\u00e4rast r\u00fcnnakut enam kui kaks protsenti<\/p>\n<p>Brenti toornafta futuurid kerkisid esmasp\u00e4eva varahommikuse seisuga 2,21 dollari ehk 2,51 protsendi v\u00f5rra 90,31 dollarini barreli kohta. USA West Texas Intermediate (WTI) toornafta hind oli 85,23 dollarit, olles t\u00f5usnud 1,83 dollarit ehk 2,19 protsenti.<\/p>\n<p>&#8220;Varem lootsime, et kolmanda kvartali l\u00f5puks suudetakse USA ja Iraani vaheliste l\u00e4bir\u00e4\u00e4kimiste juurde naasta, kuid praegu tundub see \u00fcha ebat\u00f5en\u00e4olisem. Seet\u00f5ttu j\u00e4\u00e4vad naftahinnad eeldatavasti vahemikku 85\u201395 dollarit barreli eest, kuni olukord Hormuze v\u00e4inas muutub selgemaks,&#8221; \u00fctles DBS-i energia-uuringute juht Suvro Sarkar.<\/p>\n<p>Esmasp\u00e4eval avaldatud laevandusandmetest selgus, et n\u00e4dalavahetusel v\u00e4henes v\u00e4ina l\u00e4binud kaubalaevade arv viieni p\u00e4evas. See peegeldab laevafirmade ettevaatlikkust laevar\u00fcnnakute ohu t\u00f5ttu.\u00a0<\/p>\n<p>\u00dchendkuningriigi mereoperatsioonide asutus (UKMTO) teatas p\u00fchap\u00e4eval, et laup\u00e4eval tabas v\u00e4ina sisenenud tankerit m\u00fcrsk.\u00a0<\/p>\n<p>Nii Brenti kui ka WTI nafta l\u00f5petavad augustikuu t\u00f5en\u00e4oliselt v\u00e4ikese langusega. Eelmisel n\u00e4dalal langesid hinnad enam kui neli protsenti, mis oli esimene n\u00e4dalane langus viimase kolme n\u00e4dala jooksul.<\/p>\n","protected":false},"excerpt":{"rendered":"USA v\u00e4ed r\u00fcndasid Iraanile kuuluval Laraki saarel kaht raketiseadeldist, teatas USA ametnik. Tegemist on esimese teadaoleva USA r\u00fcnnakuga&hellip;\n","protected":false},"author":2,"featured_media":264605,"comment_status":"","ping_status":"","sticky":false,"template":"","format":"standard","meta":{"footnotes":"","_share_on_mastodon":"0"},"categories":[5],"tags":[26,27,324,37,33,35,34,36,31,32,21,46527,1925,45647,4376,28,29,19,25,23,24,22,325,20,30],"class_list":["post-264604","post","type-post","status-publish","format-standard","has-post-thumbnail","category-uldised-uudised","tag-breaking-news","tag-breakingnews","tag-donald-trump","tag-ee","tag-eesti","tag-eesti-keel","tag-estonia","tag-estonian","tag-featured-news","tag-featurednews","tag-headlines","tag-hormuzi-vain","tag-iraan","tag-irgc","tag-lahis-ida","tag-latest-news","tag-latestnews","tag-news","tag-populaarseimad-lood","tag-top-stories","tag-topstories","tag-uldised-uudised","tag-usa","tag-uudised","tag-viimased-uudised"],"share_on_mastodon":{"url":"https:\/\/pubeurope.com\/@ee\/117188757521337224","error":""},"_links":{"self":[{"href":"https:\/\/www.europesays.com\/ee\/wp-json\/wp\/v2\/posts\/264604","targetHints":{"allow":["GET"]}}],"collection":[{"href":"https:\/\/www.europesays.com\/ee\/wp-json\/wp\/v2\/posts"}],"about":[{"href":"https:\/\/www.europesays.com\/ee\/wp-json\/wp\/v2\/types\/post"}],"author":[{"embeddable":true,"href":"https:\/\/www.europesays.com\/ee\/wp-json\/wp\/v2\/users\/2"}],"replies":[{"embeddable":true,"href":"https:\/\/www.europesays.com\/ee\/wp-json\/wp\/v2\/comments?post=264604"}],"version-history":[{"count":0,"href":"https:\/\/www.europesays.com\/ee\/wp-json\/wp\/v2\/posts\/264604\/revisions"}],"wp:featuredmedia":[{"embeddable":true,"href":"https:\/\/www.europesays.com\/ee\/wp-json\/wp\/v2\/media\/264605"}],"wp:attachment":[{"href":"https:\/\/www.europesays.com\/ee\/wp-json\/wp\/v2\/media?parent=264604"}],"wp:term":[{"taxonomy":"category","embeddable":true,"href":"https:\/\/www.europesays.com\/ee\/wp-json\/wp\/v2\/categories?post=264604"},{"taxonomy":"post_tag","embeddable":true,"href":"https:\/\/www.europesays.com\/ee\/wp-json\/wp\/v2\/tags?post=264604"}],"curies":[{"name":"wp","href":"https:\/\/api.w.org\/{rel}","templated":true}]}}