{"id":264614,"date":"2026-08-31T06:51:25","date_gmt":"2026-08-31T06:51:25","guid":{"rendered":"https:\/\/www.europesays.com\/ee\/264614\/"},"modified":"2026-08-31T06:51:25","modified_gmt":"2026-08-31T06:51:25","slug":"venemaa-runnakus-kiievi-lahedasele-laole-hukkus-vahemalt-27-inimest","status":"publish","type":"post","link":"https:\/\/www.europesays.com\/ee\/264614\/","title":{"rendered":"Venemaa r\u00fcnnakus Kiievi-l\u00e4hedasele laole hukkus v\u00e4hemalt 27 inimest"},"content":{"rendered":"<p>\u00d6ise Venemaa droonir\u00fcnnaku tagaj\u00e4rjel Kiievi eeslinna M\u00f5la piirkonnas asuvale laohoonele hukkus v\u00e4hemalt 27 inimest. Kohapeal puhkes suur tulekahju ja toimusid plahvatused, teatasid laup\u00e4eval Ukraina v\u00f5imud, vahendab AFP-BNS.<\/p>\n<p>Prokuratuuri andmetel hoiti laos eeldatavasti plahvatusohtlikke esemeid. Juhtunuga seoses on alustatud uurimist kuritegeliku hooletuse fakti alusel.<br \/>Ametnikud ei avalda esialgu \u00fcksikasjalikumat teavet lao otstarbe kohta.<br \/>Viimastel kuudel on nii Venemaa kui ka Ukraina tugevdanud vastastikuseid kaugl\u00f6\u00f6ke rakettidega, mis toovad kaasa tulekahjusid ja tsiviileanike hulgas ohvrite arvu kasvu.<\/p>\n<p>AFP korrespondendid n\u00e4gid tohutut musta suitsusammast, mis t\u00f5usis Ukraina pealinna l\u00e4\u00e4ne\u00fchiskonna eeslinnade kohale. Ametiisikute s\u00f5nul hoone p\u00f5leb j\u00e4tkuvalt.<\/p>\n<p>\u00abKahjuks on praeguse seisuga teada 27 hukkunust. Ja see arv ei pruugi olla l\u00f5plik,\u00bb teatas Kiievi oblasti administratsiooni juht T\u00f5mur Tkat\u0161enko.<\/p>\n<p>Tema s\u00f5nul on hukkunute seas Dm\u00f5trivka omavalitsuse juht Taras Did\u00f5t\u0161.<br \/>\u00ab28. augustil kella 20.10 paiku (17.10 GMT j\u00e4rgi) kukkus v\u00f5i andis l\u00f6\u00f6gi ettev\u00f5tte territooriumile M\u00f5la asulas mehitamata \u00f5hus\u00f5iduk,\u00bb teatas Ukraina Peaprokuratuur.<\/p>\n<p>Prokuratuuris t\u00e4psustati, et uurimine selgitab v\u00e4lja, kui seaduslik oli plahvatusohtlike esemete ja materjalide hoidmine ettev\u00f5tte territooriumil, samuti kas ettev\u00f5ttel, mille nime ei avaldata, olid olemas vajalikud load ja koosk\u00f5lastused.<\/p>\n<p>Peaminister Serhi Koretsk\u00f5i v\u00e4ljendas kahjatsust, et p\u00e4rast eelmist l\u00f6\u00f6ki laskemoonalaole Vi\u0161neves Kiievi l\u00e4hedal juulis, mis t\u00f5i samuti kaasa inimohvreid, ei tehtud vastavaid j\u00e4reldusi.<\/p>\n<p>\u00abT\u00e4iemahulise sissetungi viiendal aastal on samade vigade kordamine kuritegelik hooletus,\u00bb kirjutas ta Telegramis.<\/p>\n<p>\u00abK\u00f5ik vastutavad isikud eranditult peavad kandma ranget karistust, et sellised olukorrad enam kunagi ei korduks.\u00bb<\/p>\n","protected":false},"excerpt":{"rendered":"\u00d6ise Venemaa droonir\u00fcnnaku tagaj\u00e4rjel Kiievi eeslinna M\u00f5la piirkonnas asuvale laohoonele hukkus v\u00e4hemalt 27 inimest. Kohapeal puhkes suur tulekahju&hellip;\n","protected":false},"author":2,"featured_media":264615,"comment_status":"","ping_status":"","sticky":false,"template":"","format":"standard","meta":{"footnotes":"","_share_on_mastodon":"0"},"categories":[5],"tags":[26,27,37,33,35,34,36,31,32,21,1208,28,29,19,25,10094,33279,19996,23,24,262,22,20,96,100786,30],"class_list":["post-264614","post","type-post","status-publish","format-standard","has-post-thumbnail","category-uldised-uudised","tag-breaking-news","tag-breakingnews","tag-ee","tag-eesti","tag-eesti-keel","tag-estonia","tag-estonian","tag-featured-news","tag-featurednews","tag-headlines","tag-kiiev","tag-latest-news","tag-latestnews","tag-news","tag-populaarseimad-lood","tag-prokuratuur","tag-sissetung","tag-telegram","tag-top-stories","tag-topstories","tag-ukraina","tag-uldised-uudised","tag-uudised","tag-venemaa","tag-venemaa-droonirunnak","tag-viimased-uudised"],"share_on_mastodon":{"url":"https:\/\/pubeurope.com\/@ee\/117188800371152142","error":""},"_links":{"self":[{"href":"https:\/\/www.europesays.com\/ee\/wp-json\/wp\/v2\/posts\/264614","targetHints":{"allow":["GET"]}}],"collection":[{"href":"https:\/\/www.europesays.com\/ee\/wp-json\/wp\/v2\/posts"}],"about":[{"href":"https:\/\/www.europesays.com\/ee\/wp-json\/wp\/v2\/types\/post"}],"author":[{"embeddable":true,"href":"https:\/\/www.europesays.com\/ee\/wp-json\/wp\/v2\/users\/2"}],"replies":[{"embeddable":true,"href":"https:\/\/www.europesays.com\/ee\/wp-json\/wp\/v2\/comments?post=264614"}],"version-history":[{"count":0,"href":"https:\/\/www.europesays.com\/ee\/wp-json\/wp\/v2\/posts\/264614\/revisions"}],"wp:featuredmedia":[{"embeddable":true,"href":"https:\/\/www.europesays.com\/ee\/wp-json\/wp\/v2\/media\/264615"}],"wp:attachment":[{"href":"https:\/\/www.europesays.com\/ee\/wp-json\/wp\/v2\/media?parent=264614"}],"wp:term":[{"taxonomy":"category","embeddable":true,"href":"https:\/\/www.europesays.com\/ee\/wp-json\/wp\/v2\/categories?post=264614"},{"taxonomy":"post_tag","embeddable":true,"href":"https:\/\/www.europesays.com\/ee\/wp-json\/wp\/v2\/tags?post=264614"}],"curies":[{"name":"wp","href":"https:\/\/api.w.org\/{rel}","templated":true}]}}