{"id":264622,"date":"2026-08-31T07:00:12","date_gmt":"2026-08-31T07:00:12","guid":{"rendered":"https:\/\/www.europesays.com\/ee\/264622\/"},"modified":"2026-08-31T07:00:12","modified_gmt":"2026-08-31T07:00:12","slug":"politico-prantsusmaa-ja-saksamaa-joudsid-kaja-kallase-edasise-rolli-osas-uhise-ettepanekuni","status":"publish","type":"post","link":"https:\/\/www.europesays.com\/ee\/264622\/","title":{"rendered":"Politico: Prantsusmaa ja Saksamaa j\u00f5udsid Kaja Kallase edasise rolli osas \u00fchise ettepanekuni"},"content":{"rendered":"<p>Prantsusmaa ja Saksamaa on j\u00f5udnud \u00fchise ettepanekuni, kuidas \u00fcmber korraldada Euroopa Liidu v\u00e4lispoliitika ning anda ELi v\u00e4lispoliitika k\u00f5rgele esindajale Kaja Kallasele senisest suuremad volitused Euroopa Komisjoni v\u00e4lispoliitiliste tegevuste koordineerimisel.<\/p>\n<p>Kahe riigi koostatud ettepaneku j\u00e4rgi saaks Kallas suurema rolli selliste komisjoni v\u00e4lispoliitikaga seotud valdkondade koordineerimisel nagu r\u00e4nne ja arengukoost\u00f6\u00f6.<\/p>\n","protected":false},"excerpt":{"rendered":"Prantsusmaa ja Saksamaa on j\u00f5udnud \u00fchise ettepanekuni, kuidas \u00fcmber korraldada Euroopa Liidu v\u00e4lispoliitika ning anda ELi v\u00e4lispoliitika k\u00f5rgele&hellip;\n","protected":false},"author":2,"featured_media":264623,"comment_status":"","ping_status":"","sticky":false,"template":"","format":"standard","meta":{"footnotes":"","_share_on_mastodon":"0"},"categories":[80],"tags":[26,27,37,102809,33,35,84358,34,36,2337,590,18888,31,32,21,1639,28,29,95,19,25,52,51,23,24,22,3943,20,30,92,93,94],"class_list":["post-264622","post","type-post","status-publish","format-standard","has-post-thumbnail","category-maailm","tag-breaking-news","tag-breakingnews","tag-ee","tag-eeas-reform","tag-eesti","tag-eesti-keel","tag-eli-valispoliitika","tag-estonia","tag-estonian","tag-euroopa-komisjon","tag-euroopa-liit","tag-euroopa-valisteenistus","tag-featured-news","tag-featurednews","tag-headlines","tag-kaja-kallas","tag-latest-news","tag-latestnews","tag-maailm","tag-news","tag-populaarseimad-lood","tag-prantsusmaa","tag-saksamaa","tag-top-stories","tag-topstories","tag-uldised-uudised","tag-ursula-von-der-leyen","tag-uudised","tag-viimased-uudised","tag-world","tag-world-news","tag-worldnews"],"share_on_mastodon":{"url":"","error":"Validation failed: Text character limit of 500 exceeded"},"_links":{"self":[{"href":"https:\/\/www.europesays.com\/ee\/wp-json\/wp\/v2\/posts\/264622","targetHints":{"allow":["GET"]}}],"collection":[{"href":"https:\/\/www.europesays.com\/ee\/wp-json\/wp\/v2\/posts"}],"about":[{"href":"https:\/\/www.europesays.com\/ee\/wp-json\/wp\/v2\/types\/post"}],"author":[{"embeddable":true,"href":"https:\/\/www.europesays.com\/ee\/wp-json\/wp\/v2\/users\/2"}],"replies":[{"embeddable":true,"href":"https:\/\/www.europesays.com\/ee\/wp-json\/wp\/v2\/comments?post=264622"}],"version-history":[{"count":0,"href":"https:\/\/www.europesays.com\/ee\/wp-json\/wp\/v2\/posts\/264622\/revisions"}],"wp:featuredmedia":[{"embeddable":true,"href":"https:\/\/www.europesays.com\/ee\/wp-json\/wp\/v2\/media\/264623"}],"wp:attachment":[{"href":"https:\/\/www.europesays.com\/ee\/wp-json\/wp\/v2\/media?parent=264622"}],"wp:term":[{"taxonomy":"category","embeddable":true,"href":"https:\/\/www.europesays.com\/ee\/wp-json\/wp\/v2\/categories?post=264622"},{"taxonomy":"post_tag","embeddable":true,"href":"https:\/\/www.europesays.com\/ee\/wp-json\/wp\/v2\/tags?post=264622"}],"curies":[{"name":"wp","href":"https:\/\/api.w.org\/{rel}","templated":true}]}}