{"id":264644,"date":"2026-08-31T07:31:11","date_gmt":"2026-08-31T07:31:11","guid":{"rendered":"https:\/\/www.europesays.com\/ee\/264644\/"},"modified":"2026-08-31T07:31:11","modified_gmt":"2026-08-31T07:31:11","slug":"viljandimaa-parim-naissportlane-lopetas-maailmameistrivoistlused-17-kohaga-postimees","status":"publish","type":"post","link":"https:\/\/www.europesays.com\/ee\/264644\/","title":{"rendered":"Viljandimaa parim naissportlane l\u00f5petas maailmameistriv\u00f5istlused 17. kohaga &#8211; Postimees"},"content":{"rendered":"<ol>\n<li><a href=\"https:\/\/news.google.com\/rss\/articles\/CBMirwFBVV95cUxQOTJFSUszVmVyY2xhZ0NWSFB2dlg4dWdVdHBMYllYb2praTlzbjR2ZTUwMmo3N0RHZElsWlNOVXcyUXdwNlZuZG81V2FOazlwV1BhVjRUX3BBbzJ1eTRfUEtQV2VIOEdEd0lrMTVySi1CQnQzZERRdEp2UUExT1NMNzlyQVVzZzFPOGRPZmNGM0Z2LUk5R2Rjalh1c01zdFNmUlllWUp6Q0ZjTGNaUVNN?oc=5\" target=\"_blank\" rel=\"nofollow noopener\">Viljandimaa parim naissportlane l\u00f5petas maailmameistriv\u00f5istlused 17. kohaga<\/a>&nbsp;&nbsp;Postimees<\/li>\n<li><a href=\"https:\/\/news.google.com\/rss\/articles\/CBMiyAFBVV95cUxQZTdPdjBQZGFsRXcwVjd6WWVKZ1RvRHBIM3djWnRIbVJSXzJkTjBxRGs5ZHYyZjY0bC1HREZrNS1DS0NLYzFPZ0xWMFZHaWwyZWpXR3VGUXVPNFotelZQZjhCUXlhYzdJa0ZydTI3TE5LNWJTVkpPbjNyVkp3cmlTVWwzckRLemRZbTRnSFYxRnVvXy1FaENCN3dzQ19LX19JZ3ZURUtPaGlMOFIxOEJ1QVFtaWZFZllWNVFwaWxHcl9LVUdoY3U2Rg?oc=5\" target=\"_blank\" rel=\"nofollow noopener\">MM-i l\u00fchirajas\u00f5idu 21. l\u00f5petanud Janika L\u00f5iv: leidsin ennast k\u00fclili maas ja tuju l\u00e4ks \u00e4ra<\/a>&nbsp;&nbsp;Delfi Sport<\/li>\n<li><a href=\"https:\/\/news.google.com\/rss\/articles\/CBMigwFBVV95cUxQQ0pISHVrNHUtXzVmcHVsWXdqdlZWc05qbkx1clFsLWg0ekdtbnFWdC1ENFNQdm5RTmtkSENBcXh5UTk4eGFJejBIRFhsTDRlcEJEWUlwRHdmVnF6Wjd0Y3hZaGRUSXZOOWZnMHduZFhwMGVrY0Ffbm1rR3Q0UW1xRjdlYw?oc=5\" target=\"_blank\" rel=\"nofollow noopener\">L\u00f5iv alustas maastikuratturite MM-i 21. kohaga<\/a>&nbsp;&nbsp;sport | ERR<\/li>\n<li><a href=\"https:\/\/news.google.com\/rss\/articles\/CBMi4AFBVV95cUxPdUZobE9IWk5jc2kzSjBKSXhDQm5ZTUtuNWpPY3U4b2hwX1lWb2RlLU5RU08tb1FGMFFfNWFRelB4ZUZfUDltc2tDVTFtRFE1RjBvU0tpXzh1VHpYVWJhOGF3UDJfMXpDX1h6MllyZExDdkpHUFJRZmk3M0RVQm5FNzY4anZZa0FzVjYyWlVNSDd4MmVCc3c1TVc0QUNWOE4xMW9OSTJyQWJsT2JtLVd5aWdPbkJRdGNBaWN6MlBZNFBfS2JZS3pPSzZfSzBHSmN4ZEVNa0ZSZVAzQkFwVHdIQQ?oc=5\" target=\"_blank\" rel=\"nofollow noopener\">\u00ab\u00d5udusunen\u00e4gu oli \u00fche k\u00e4iguga t\u00f5use \u00fcles s\u00f5ita.\u00bb Janika L\u00f5ivu rattal jupsis MMil k\u00e4iguvahetaja<\/a>&nbsp;&nbsp;Inbox.eu<\/li>\n<\/ol>\n","protected":false},"excerpt":{"rendered":"Viljandimaa parim naissportlane l\u00f5petas maailmameistriv\u00f5istlused 17. kohaga&nbsp;&nbsp;Postimees MM-i l\u00fchirajas\u00f5idu 21. l\u00f5petanud Janika L\u00f5iv: leidsin ennast k\u00fclili maas ja&hellip;\n","protected":false},"author":2,"featured_media":264645,"comment_status":"","ping_status":"","sticky":false,"template":"","format":"standard","meta":{"footnotes":"","_share_on_mastodon":"0"},"categories":[18],"tags":[37,33,35,34,36,102816,18609,91624,159,158,101957,1772],"class_list":["post-264644","post","type-post","status-publish","format-standard","has-post-thumbnail","category-sport","tag-ee","tag-eesti","tag-eesti-keel","tag-estonia","tag-estonian","tag-hawaii-express","tag-janika-loiv","tag-sina-frei","tag-sport","tag-sports","tag-val-di-sole","tag-viljandimaa"],"share_on_mastodon":{"url":"https:\/\/pubeurope.com\/@ee\/117188957740655126","error":""},"_links":{"self":[{"href":"https:\/\/www.europesays.com\/ee\/wp-json\/wp\/v2\/posts\/264644","targetHints":{"allow":["GET"]}}],"collection":[{"href":"https:\/\/www.europesays.com\/ee\/wp-json\/wp\/v2\/posts"}],"about":[{"href":"https:\/\/www.europesays.com\/ee\/wp-json\/wp\/v2\/types\/post"}],"author":[{"embeddable":true,"href":"https:\/\/www.europesays.com\/ee\/wp-json\/wp\/v2\/users\/2"}],"replies":[{"embeddable":true,"href":"https:\/\/www.europesays.com\/ee\/wp-json\/wp\/v2\/comments?post=264644"}],"version-history":[{"count":0,"href":"https:\/\/www.europesays.com\/ee\/wp-json\/wp\/v2\/posts\/264644\/revisions"}],"wp:featuredmedia":[{"embeddable":true,"href":"https:\/\/www.europesays.com\/ee\/wp-json\/wp\/v2\/media\/264645"}],"wp:attachment":[{"href":"https:\/\/www.europesays.com\/ee\/wp-json\/wp\/v2\/media?parent=264644"}],"wp:term":[{"taxonomy":"category","embeddable":true,"href":"https:\/\/www.europesays.com\/ee\/wp-json\/wp\/v2\/categories?post=264644"},{"taxonomy":"post_tag","embeddable":true,"href":"https:\/\/www.europesays.com\/ee\/wp-json\/wp\/v2\/tags?post=264644"}],"curies":[{"name":"wp","href":"https:\/\/api.w.org\/{rel}","templated":true}]}}