{"id":264656,"date":"2026-08-31T07:45:19","date_gmt":"2026-08-31T07:45:19","guid":{"rendered":"https:\/\/www.europesays.com\/ee\/264656\/"},"modified":"2026-08-31T07:45:19","modified_gmt":"2026-08-31T07:45:19","slug":"seakatku-juhtumeid-lisandus-eestis-ja-lahiriikides","status":"publish","type":"post","link":"https:\/\/www.europesays.com\/ee\/264656\/","title":{"rendered":"Seakatku juhtumeid lisandus Eestis ja l\u00e4hiriikides"},"content":{"rendered":"<p>            <a href=\"https:\/\/www.europesays.com\/ee\/wp-content\/uploads\/2026\/08\/SAK-leid-august-26.png\" data-caption=\"Kaart: PTA\"><img loading=\"lazy\" decoding=\"async\" width=\"503\" height=\"512\" class=\"entry-thumb td-modal-image\" src=\"https:\/\/www.europesays.com\/ee\/wp-content\/uploads\/2026\/08\/SAK-leid-august-26.png\"   alt=\"\" title=\"SAK leid august 26\"\/><\/a>Kaart: PTA<\/p>\n<p>M\u00f6\u00f6dunud n\u00e4dalal tuvastati sigade Aafrika katku (SAK) viirust nii Raplamaal kui ka meie l\u00e4hiriikides. Euroopas registreeriti n\u00e4dala jooksul 84 SAK-i juhtumit metssigadel.<\/p>\n<p>Raplamaal Kohila vallas tuvastati seakatk kahel k\u00fctitud metsseal. \u00dcks metssiga k\u00fctiti Pihali ja teine Rabivere k\u00fclas.<\/p>\n<p>Uutest katkujuhtumitest teatasid ka l\u00e4hiriigid. L\u00e4tis tuvastati m\u00f6\u00f6dunud n\u00e4dalal kaheksa SAK-i juhtumit metssigadel.<\/p>\n<p>Poola teavitas kahest taudipuhangust. \u00dcks puhang oli 378 koduseaga farmis. Taudi uurimiseks proovid koguti surnud sealt, kellel enne surma oli isutus ja ts\u00fcanootilised ehk sinised k\u00f5rvad. Lahangul tuvastati veel t\u00e4ppverevalumid k\u00f5rvadel ja siseorganites (soolestik, kusep\u00f5is, s\u00fcda), suurenenud l\u00fcmfis\u00f5lmed ja p\u00f5rn.<\/p>\n<p>Teine puhang oli 18 koduseaga farmis, kus taud tuvastati passiivse seire k\u00e4igus surnud sealt v\u00f5etud proovist.<\/p>\n<p>Kokku registreeriti Euroopas m\u00f6\u00f6dunud n\u00e4dalal 84 SAK-i juhtumit metssigadel. K\u00f5ige rohkem juhtumeid registreeriti Saksamaal.<\/p>\n<p>NB! SAKi olukorra info Eestis on leitav <a href=\"https:\/\/pta.agri.ee\/sigade-aafrika-katk\" target=\"_blank\" rel=\"noopener nofollow\">P\u00f5llumajandus- ja Toiduameti kodulehel<\/a>.<\/p>\n","protected":false},"excerpt":{"rendered":"Kaart: PTA M\u00f6\u00f6dunud n\u00e4dalal tuvastati sigade Aafrika katku (SAK) viirust nii Raplamaal kui ka meie l\u00e4hiriikides. Euroopas registreeriti&hellip;\n","protected":false},"author":2,"featured_media":264657,"comment_status":"","ping_status":"","sticky":false,"template":"","format":"standard","meta":{"footnotes":"","_share_on_mastodon":"0"},"categories":[12],"tags":[26,27,37,33,35,34,36,31,32,21,28,29,114,19,111,25,51,5463,1397,23,24,22,20,30],"class_list":["post-264656","post","type-post","status-publish","format-standard","has-post-thumbnail","category-eesti","tag-breaking-news","tag-breakingnews","tag-ee","tag-eesti","tag-eesti-keel","tag-estonia","tag-estonian","tag-featured-news","tag-featurednews","tag-headlines","tag-latest-news","tag-latestnews","tag-lati","tag-news","tag-poola","tag-populaarseimad-lood","tag-saksamaa","tag-seakatk","tag-sigade-aafrika-katk","tag-top-stories","tag-topstories","tag-uldised-uudised","tag-uudised","tag-viimased-uudised"],"share_on_mastodon":{"url":"https:\/\/pubeurope.com\/@ee\/117189012919628267","error":""},"_links":{"self":[{"href":"https:\/\/www.europesays.com\/ee\/wp-json\/wp\/v2\/posts\/264656","targetHints":{"allow":["GET"]}}],"collection":[{"href":"https:\/\/www.europesays.com\/ee\/wp-json\/wp\/v2\/posts"}],"about":[{"href":"https:\/\/www.europesays.com\/ee\/wp-json\/wp\/v2\/types\/post"}],"author":[{"embeddable":true,"href":"https:\/\/www.europesays.com\/ee\/wp-json\/wp\/v2\/users\/2"}],"replies":[{"embeddable":true,"href":"https:\/\/www.europesays.com\/ee\/wp-json\/wp\/v2\/comments?post=264656"}],"version-history":[{"count":0,"href":"https:\/\/www.europesays.com\/ee\/wp-json\/wp\/v2\/posts\/264656\/revisions"}],"wp:featuredmedia":[{"embeddable":true,"href":"https:\/\/www.europesays.com\/ee\/wp-json\/wp\/v2\/media\/264657"}],"wp:attachment":[{"href":"https:\/\/www.europesays.com\/ee\/wp-json\/wp\/v2\/media?parent=264656"}],"wp:term":[{"taxonomy":"category","embeddable":true,"href":"https:\/\/www.europesays.com\/ee\/wp-json\/wp\/v2\/categories?post=264656"},{"taxonomy":"post_tag","embeddable":true,"href":"https:\/\/www.europesays.com\/ee\/wp-json\/wp\/v2\/tags?post=264656"}],"curies":[{"name":"wp","href":"https:\/\/api.w.org\/{rel}","templated":true}]}}