{"id":264660,"date":"2026-08-31T07:53:15","date_gmt":"2026-08-31T07:53:15","guid":{"rendered":"https:\/\/www.europesays.com\/ee\/264660\/"},"modified":"2026-08-31T07:53:15","modified_gmt":"2026-08-31T07:53:15","slug":"kaidi-tiimikaaslaseks-patrik-kristal-on-teel-thuni-soccernet-ee","status":"publish","type":"post","link":"https:\/\/www.europesays.com\/ee\/264660\/","title":{"rendered":"K\u00e4idi tiimikaaslaseks? Patrik Kristal on teel Thuni &#8211; Soccernet.ee"},"content":{"rendered":"<p><img decoding=\"async\" src=\"https:\/\/www.europesays.com\/ee\/wp-content\/uploads\/2026\/08\/1788162795_589_1786632728.jpg\" alt=\"Patrik Kristal paistab olevat siirdumas \u0160veitsi. Foto: Scanpix \/ Steffie Wunderl \/ IMAGO\"\/>&#13;\n<\/p>\n<p>Sakslasest \u00fcleminekuturuekspert Dominik Schneider kirjutab, et Eesti koondislane Patrik Kristal liigub FC K\u00f6lnist laenule \u0160veitsi k\u00f5rgliigaklubisse FC Thun, kus hakkab koos m\u00e4ngima Mattias K\u00e4idiga.<\/p>\n<p>18-aastane Kristal veetis hooajaeelse ettevalmistuse Bundesliga klubi K\u00f6lni esindusmeeskonnaga ning sai treeningm\u00e4ngudes ka platsile, ent liigahooaja alates ta enam m\u00e4ngup\u00e4eva koosseisu kuulunud ei ole. Saksa meedias on kirjutatud, et K\u00f6ln otsib Eesti koondislasele laenu kaudu m\u00e4ngupaika.&#13;\n<\/p>\n<p>N\u00fc\u00fcd olevatki Kristal teel K\u00f6lnist v\u00e4lja &#8211; Schneideri v\u00e4itel s\u00f5idab Kristal t\u00e4na Thuni arstlikule \u00fclevaatusele ning selle eduka l\u00e4bimise korral liitub ta Thuniga \u00fcheks hooajaks laenule, kusjuures \u0160veitsi klubil on v\u00f5imalus eestlane seej\u00e4rel ka v\u00e4lja osta.&#13;\n<\/p>\n<p>Thun tuli eelmisel hooajal tohutu \u00fcllatusena \u0160veitsi meistriks, kuid ei ole k\u00e4imasolevat hooaega sama s\u00e4ravalt alustanud, olles \u0160veitsi k\u00f5rgliigas neljast m\u00e4ngust saanud kirja kaks v\u00f5itu ja kaks kaotust. Euroopas j\u00f5uti Konverentsiliiga p\u00f5hiturniirile, kus ootab teiste seas ees kohtumine Maksim Paskot\u0161i koduklubi Gentiga.<\/p>\n<p>Thuni ridades alustas teist hooaega ka Mattias K\u00e4it, mis t\u00e4hendab, et Eesti koondislased v\u00f5ivad Thunis koos keskv\u00e4ljal pallima hakata.&#13;\n<\/p>\n<p>Thuni j\u00e4rgmine kohtumine toimub juba kolmap\u00e4eva \u00f5htul, kui liigam\u00e4ngus minnakse kodus vastamisi Lausanne&#8217;iga.&#13;\n<\/p>\n<blockquote class=\"twitter-tweet\" data-partner=\"tweetdeck\"><p>&#13;<\/p>\n<p lang=\"en\" dir=\"ltr\">\ud83d\udea8 Excl. \ud83c\udde9\ud83c\uddea\ud83c\uddea\ud83c\uddea\ud83c\udde8\ud83c\udded<br \/>&#13;<br \/>\nPatrik <a href=\"https:\/\/x.com\/hashtag\/Kristal?src=hash&amp;ref_src=twsrc%5Etfw\" rel=\"nofollow\">#Kristal<\/a> is on his way to undergo his medical. The 1. FC K\u00f6ln midfielder will join Swiss champions <a href=\"https:\/\/x.com\/hashtag\/FCThun?src=hash&amp;ref_src=twsrc%5Etfw\" rel=\"nofollow\">#FCThun<\/a> on loan with an option to buy.<a href=\"https:\/\/x.com\/hashtag\/effzeh?src=hash&amp;ref_src=twsrc%5Etfw\" rel=\"nofollow\">#effzeh<\/a> <a href=\"https:\/\/x.com\/hashtag\/Bundesliga?src=hash&amp;ref_src=twsrc%5Etfw\" rel=\"nofollow\">#Bundesliga<\/a> <a href=\"https:\/\/x.com\/hashtag\/SuperLeague?src=hash&amp;ref_src=twsrc%5Etfw\" rel=\"nofollow\">#SuperLeague<\/a> <a href=\"https:\/\/t.co\/dghhjX5O1Y\" rel=\"nofollow\">pic.twitter.com\/dghhjX5O1Y<\/a>&#13;<br \/>\n\u2014 Dominik Schneider (@FT_schneidi) <a href=\"https:\/\/x.com\/FT_schneidi\/status\/2094318199835639820?ref_src=twsrc%5Etfw\" rel=\"nofollow\">August 31, 2026<\/a><\/p>\n<\/blockquote>\n<p>          <script async src=\"https:\/\/platform.twitter.com\/widgets.js\" charset=\"utf-8\"><\/script><\/p>\n","protected":false},"excerpt":{"rendered":"&#13; Sakslasest \u00fcleminekuturuekspert Dominik Schneider kirjutab, et Eesti koondislane Patrik Kristal liigub FC K\u00f6lnist laenule \u0160veitsi k\u00f5rgliigaklubisse FC&hellip;\n","protected":false},"author":2,"featured_media":264661,"comment_status":"","ping_status":"","sticky":false,"template":"","format":"standard","meta":{"footnotes":"","_share_on_mastodon":"0"},"categories":[18],"tags":[37,33,35,34,36,1158,19407,6576,1159,7231,5651,921,159,158,8582],"class_list":["post-264660","post","type-post","status-publish","format-standard","has-post-thumbnail","category-sport","tag-ee","tag-eesti","tag-eesti-keel","tag-estonia","tag-estonian","tag-fc-koln","tag-fc-thun","tag-kait","tag-koln","tag-kristal","tag-mattias-kait","tag-patrik-kristal","tag-sport","tag-sports","tag-thun"],"share_on_mastodon":{"url":"https:\/\/pubeurope.com\/@ee\/117189044583177922","error":""},"_links":{"self":[{"href":"https:\/\/www.europesays.com\/ee\/wp-json\/wp\/v2\/posts\/264660","targetHints":{"allow":["GET"]}}],"collection":[{"href":"https:\/\/www.europesays.com\/ee\/wp-json\/wp\/v2\/posts"}],"about":[{"href":"https:\/\/www.europesays.com\/ee\/wp-json\/wp\/v2\/types\/post"}],"author":[{"embeddable":true,"href":"https:\/\/www.europesays.com\/ee\/wp-json\/wp\/v2\/users\/2"}],"replies":[{"embeddable":true,"href":"https:\/\/www.europesays.com\/ee\/wp-json\/wp\/v2\/comments?post=264660"}],"version-history":[{"count":0,"href":"https:\/\/www.europesays.com\/ee\/wp-json\/wp\/v2\/posts\/264660\/revisions"}],"wp:featuredmedia":[{"embeddable":true,"href":"https:\/\/www.europesays.com\/ee\/wp-json\/wp\/v2\/media\/264661"}],"wp:attachment":[{"href":"https:\/\/www.europesays.com\/ee\/wp-json\/wp\/v2\/media?parent=264660"}],"wp:term":[{"taxonomy":"category","embeddable":true,"href":"https:\/\/www.europesays.com\/ee\/wp-json\/wp\/v2\/categories?post=264660"},{"taxonomy":"post_tag","embeddable":true,"href":"https:\/\/www.europesays.com\/ee\/wp-json\/wp\/v2\/tags?post=264660"}],"curies":[{"name":"wp","href":"https:\/\/api.w.org\/{rel}","templated":true}]}}