{"id":264672,"date":"2026-08-31T08:05:12","date_gmt":"2026-08-31T08:05:12","guid":{"rendered":"https:\/\/www.europesays.com\/ee\/264672\/"},"modified":"2026-08-31T08:05:12","modified_gmt":"2026-08-31T08:05:12","slug":"leedu-ja-tsehhi-kaitsetoostusettevotete-juurde-ilmusid-leinaparjad-kahtlustatakse-vene-provokatsiooni","status":"publish","type":"post","link":"https:\/\/www.europesays.com\/ee\/264672\/","title":{"rendered":"Leedu ja T\u0161ehhi kaitset\u00f6\u00f6stusettev\u00f5tete juurde ilmusid leinap\u00e4rjad. Kahtlustatakse Vene provokatsiooni"},"content":{"rendered":"<p>Sotsiaalmeedias levis <a rel=\"noopener nofollow\" target=\"_blank\" href=\"https:\/\/www.delfi.ee\/teema\/32928809\/vilnius\" tag-id=\"32928809\">Vilniuses<\/a> tehtud video mitmest leinap\u00e4rjast droonis\u00fcsteeme tootva ettev\u00f5tte RSI Europe hoone juures. Nende k\u00f5rval oli ettev\u00f5tte juhi Tomas Mila\u0161auskase foto musta leinalindiga.<\/p>\n<p>Mila\u0161auskas on elus ja terve. Ta nimetas toimunut hirmutamiskatseks.<\/p>\n<p>\u201eMe ei karda. See on tavaline hirmutamine, provokatsioon, venelaste tavalised t\u00f6\u00f6meetodid. Meie reaktsioon on t\u00e4iesti normaalne \u2013 me j\u00e4tkame t\u00f6\u00f6d, ei reageeri ega lase end h\u00e4irida, sest nende eesm\u00e4rk on suunata meie t\u00e4helepanu k\u00f5rvale sinna, kuhu ei ole vaja,\u201c \u00fctles Mila\u0161auskas telekanalile LNK.<\/p>\n<p>Mila\u0161auskase s\u00f5nul puutus ettev\u00f5te sellise provokatsiooniga kokku esimest korda. Seda on aga p\u00fc\u00fctud kahjustada ka varem, muu hulgas on toimunud k\u00fcberr\u00fcnnakuid.<\/p>\n<p>Vilniuses peeti kinni kahtlusalune<\/p>\n<p>Leedu v\u00f5imud on varem hoiatanud kaitset\u00f6\u00f6stusettev\u00f5tteid erinevate provokatsioonide ja r\u00fcnnakute ohu eest.<\/p>\n<p>\u201eMa arvan, et just see seire ja meetmed, mis on v\u00f5etud tarvitusele p\u00e4rast meie jutuajamisi, v\u00f5imaldasid toimunus osalenud inimesed kinni pidada. See on hea tulemus ja sellise koost\u00f6\u00f6 tagaj\u00e4rg,\u201c \u00fctles Leedu rahvusliku kriisijuhtimiskeskuse juht Vilmantas Vitkauskas.<\/p>\n<p>Politsei reageeris operatiivselt ja pidas kinni \u00fche kahtlusaluse. Alustati kohtueelset juurdlust.<\/p>\n<p>LNK allikate andmetel on kinnipeetu <a rel=\"noopener nofollow\" target=\"_blank\" href=\"https:\/\/www.delfi.ee\/teema\/25048531\/ukraina\" tag-id=\"25048531\">Ukraina<\/a> kodanik. Oletatakse, et p\u00e4rgade kohaletoimetamiseks v\u00f5is ta v\u00e4rvata <a rel=\"noopener nofollow\" target=\"_blank\" href=\"https:\/\/www.delfi.ee\/teema\/28576451\/valgevene\" tag-id=\"28576451\">Valgevene<\/a> kodanik.<\/p>\n<p>Sarnane juhtum toimus ka T\u0161ehhis<\/p>\n<p>Praktiliselt samal ajal ilmusid leinap\u00e4rjad ka kaitset\u00f6\u00f6stusettev\u00f5tte CSG juurde T\u0161ehhis. Nende k\u00f5rval oli selle \u00fche asutaja, David Chouri foto.<\/p>\n<p>RSI Europe saadab Ukrainasse FPV-droone ja distantsilt \u00f5hkimise s\u00fcsteeme ning CSG tegeleb laskemoona ja s\u00f5jatehnika tootmisega.<\/p>\n<p>\u00d5iguskaitseorganid uurivad, kas Leedu ja T\u0161ehhi juhtumite vahel on seos.<\/p>\n<p>Leedu seimi v\u00e4liskomitee esimees Remigijus Motuzas arvab, et sellised provokatsioonid v\u00f5ivad korduda.<\/p>\n<p>\u201eMa arvan, et sellised juhtumid v\u00f5ivad sageneda ja need ongi juba sagenenud. See on t\u00f5en\u00e4oliselt alles algus. Hoiatused on k\u00fcllaltki t\u00f5sised, mist\u00f5ttu tuleb meil s\u00e4ilitada erilist t\u00e4helepanelikkust, kuigi meie taristuobjektide valvet on praegu tugevdatud,\u201c \u00fctles Motuzas.<\/p>\n<p>Video levis sotsiaalmeedias kiiresti<\/p>\n<p>Fotosid ja videosalvestusi leinap\u00e4rgadest hakati sotsiaalmeedias ja Telegrami kanalites aktiivselt levitama.<\/p>\n<p>Leedu esindajad seostavad sellist informatsioonilist saatetegevust Vene eriteenistustele iseloomulike infooperatsioonide l\u00e4biviimise meetoditega.<\/p>\n<p>Koos nende fotode ja videotega jagatud postitustes korratakse v\u00e4idet, et <a rel=\"noopener nofollow\" target=\"_blank\" href=\"https:\/\/www.delfi.ee\/teema\/24581263\/nato\" tag-id=\"24581263\">NATO<\/a> peab ukrainlaste k\u00e4tega s\u00f5da <a rel=\"noopener nofollow\" target=\"_blank\" href=\"https:\/\/www.delfi.ee\/teema\/3\/venemaa\" tag-id=\"3\">Venemaa<\/a> vastu, ning <a rel=\"noopener nofollow\" target=\"_blank\" href=\"https:\/\/www.delfi.ee\/teema\/29718775\/kiiev\" tag-id=\"29718775\">Kiievit<\/a> toetavaid <a rel=\"noopener nofollow\" target=\"_blank\" href=\"https:\/\/www.delfi.ee\/teema\/25138591\/euroopa\" tag-id=\"25138591\">Euroopa<\/a> ettev\u00f5tteid s\u00fc\u00fcdistatakse s\u00f5jast kasu l\u00f5ikamises.<\/p>\n<p>Kuidas see lugu Sind end tundma pani?Saada<a href=\"https:\/\/www.delfi.ee\/artikkel\/120607171\/leedu-ja-tsehhi-kaitsetoostusettevotete-juurde-ilmusid-leinaparjad-kahtlustatakse-vene-provokatsiooni\/kommentaarid\" class=\"button button--primary button--size-auto article-body-bottom__comment article-body-bottom__comment--write\" style=\"\" rel=\"nofollow noopener\" target=\"_blank\">Kommenteeri<\/a><a href=\"https:\/\/www.delfi.ee\/artikkel\/120607171\/leedu-ja-tsehhi-kaitsetoostusettevotete-juurde-ilmusid-leinaparjad-kahtlustatakse-vene-provokatsiooni\/kommentaarid\" class=\"button button--size-auto article-body-bottom__comment article-body-bottom__comment--read\" style=\"\" rel=\"nofollow noopener\" target=\"_blank\">Loe kommentaare (15)<\/a><\/p>\n","protected":false},"excerpt":{"rendered":"Sotsiaalmeedias levis Vilniuses tehtud video mitmest leinap\u00e4rjast droonis\u00fcsteeme tootva ettev\u00f5tte RSI Europe hoone juures. Nende k\u00f5rval oli ettev\u00f5tte&hellip;\n","protected":false},"author":2,"featured_media":264673,"comment_status":"","ping_status":"","sticky":false,"template":"","format":"standard","meta":{"footnotes":"","_share_on_mastodon":"0"},"categories":[14],"tags":[131,130,37,33,35,34,36,112,1208,115,54,116,262,2170,96,7911],"class_list":["post-264672","post","type-post","status-publish","format-standard","has-post-thumbnail","category-ari","tag-ari","tag-business","tag-ee","tag-eesti","tag-eesti-keel","tag-estonia","tag-estonian","tag-euroopa","tag-kiiev","tag-leedu","tag-nato","tag-tsehhi","tag-ukraina","tag-valgevene","tag-venemaa","tag-vilnius"],"share_on_mastodon":{"url":"https:\/\/pubeurope.com\/@ee\/117189091792151385","error":""},"_links":{"self":[{"href":"https:\/\/www.europesays.com\/ee\/wp-json\/wp\/v2\/posts\/264672","targetHints":{"allow":["GET"]}}],"collection":[{"href":"https:\/\/www.europesays.com\/ee\/wp-json\/wp\/v2\/posts"}],"about":[{"href":"https:\/\/www.europesays.com\/ee\/wp-json\/wp\/v2\/types\/post"}],"author":[{"embeddable":true,"href":"https:\/\/www.europesays.com\/ee\/wp-json\/wp\/v2\/users\/2"}],"replies":[{"embeddable":true,"href":"https:\/\/www.europesays.com\/ee\/wp-json\/wp\/v2\/comments?post=264672"}],"version-history":[{"count":0,"href":"https:\/\/www.europesays.com\/ee\/wp-json\/wp\/v2\/posts\/264672\/revisions"}],"wp:featuredmedia":[{"embeddable":true,"href":"https:\/\/www.europesays.com\/ee\/wp-json\/wp\/v2\/media\/264673"}],"wp:attachment":[{"href":"https:\/\/www.europesays.com\/ee\/wp-json\/wp\/v2\/media?parent=264672"}],"wp:term":[{"taxonomy":"category","embeddable":true,"href":"https:\/\/www.europesays.com\/ee\/wp-json\/wp\/v2\/categories?post=264672"},{"taxonomy":"post_tag","embeddable":true,"href":"https:\/\/www.europesays.com\/ee\/wp-json\/wp\/v2\/tags?post=264672"}],"curies":[{"name":"wp","href":"https:\/\/api.w.org\/{rel}","templated":true}]}}