{"id":264678,"date":"2026-08-31T08:15:09","date_gmt":"2026-08-31T08:15:09","guid":{"rendered":"https:\/\/www.europesays.com\/ee\/264678\/"},"modified":"2026-08-31T08:15:09","modified_gmt":"2026-08-31T08:15:09","slug":"robert-virves-ja-jakko-viilo-palvisid-paraguay-rallil-eriauhinna-saarte-haal","status":"publish","type":"post","link":"https:\/\/www.europesays.com\/ee\/264678\/","title":{"rendered":"Robert Virves ja Jakko Viilo p\u00e4lvisid Paraguay rallil eriauhinna &#8211; Saarte H\u00e4\u00e4l"},"content":{"rendered":"<ol>\n<li><a href=\"https:\/\/news.google.com\/rss\/articles\/CBMipwFBVV95cUxPSEFEeEdLV08tX1ZWaGJrdWZZY1NXSmJEUGZhOFFKWXhaT1JuN3hHcElsdWtyNk5WaDFMUjdGdV9ubnlZUS15bEpmcy1NcEFHRDBrSjU2WkxTS3p1Nnh2UzVfZERTXzJydzlaVWJHZDJfQlY3bXpLSjJTNWZjS2FlaEc1Tm15T0lCLUVaMV9JU2c5c0RqcklBNlpCenZMOHkzM1ZYLWM0QQ?oc=5\" target=\"_blank\" rel=\"nofollow noopener\">Robert Virves ja Jakko Viilo p\u00e4lvisid Paraguay rallil eriauhinna<\/a>&nbsp;&nbsp;Saarte H\u00e4\u00e4l<\/li>\n<li><a href=\"https:\/\/news.google.com\/rss\/articles\/CBMixAFBVV95cUxQRUkyS2NFZHFUYWh1WmxJSkhTYy1TZl84MGFSRHNURlVaMlpLUmRyU0FVYnJ6RENQUUxwWGpZeFI5ejN6LU5JRXlFV2tqcWIxLUdCclZMcU9RS2YyT0NuWHhJRnMyRl9IRHUzVGozeG9QVHZkTUhRbGVqYWpDN3RpRWJ2R1FRSExlMEt4ODNaWlVONEVvVjdMeGVZTFd2YjdyejNOd2ZDMFhUdEFKX3ZsSnJzdlREWkdUX1ZGUE5sOGVCVmFS?oc=5\" target=\"_blank\" rel=\"nofollow noopener\">OTSEBLOGI | Paraguay ralli: kas Pajari v\u00f5tab kolmanda v\u00f5idu j\u00e4rjest? Kes v\u00f5idab punktikatse?<\/a>&nbsp;&nbsp;Delfi Sport<\/li>\n<li><a href=\"https:\/\/news.google.com\/rss\/articles\/CBMiqAFBVV95cUxPQmhxVktVcjNabXcxakJYT3lVaGhMeGl4UnlPQlBUbXNfeERaaDlqdjhubTNMY25wTDNiMndQUmpheW9DaURBenY4cG9YeEtrbFZNNmRKbUJKb1Bmd3p3NFNXUlNidE40Mk5oaUdMRTdaMkFWNVhUWS10NGhPcTlfU3Q4VG05d09BM2Z3VGYyNEtkQ0FUQ05VTVhYYkstNEc0ZFlLck1NRHA?oc=5\" target=\"_blank\" rel=\"nofollow noopener\">Pajari kerkis Paraguay rallil liidriks, J\u00fcrgenson t\u00f5usis WRC2-s neljandaks<\/a>&nbsp;&nbsp;sport | ERR<\/li>\n<li><a href=\"https:\/\/news.google.com\/rss\/articles\/CBMiwAFBVV95cUxQU3prbGtUTnpucHptZnpyZk9paXo5RUN4NjBiTDdEX2NlczJkMFQ1RU94UFUtNk5ZejNIRmwtTW51ZVVEVERzaktkdGFqdDhrWDVVa3pyY3VyNkNOczBYZGNCbG42QWtBc1RCUVNiNzN3NDhGVDZlR3ZJUFhRM3Zpb3NxVTlhdmsyc2tTXzg0aW9VdXZFVEprMEQ1SmktMHpmVWpNdFh6NFdXRE14S0ZSQVNmaF9qREZTRGR1VDRpdVI?oc=5\" target=\"_blank\" rel=\"nofollow noopener\">BLOGI | Pajari sai kolmanda j\u00e4rjestikuse etapiv\u00f5idu, kuid Toyota tiitlit ei kindlustanud<\/a>&nbsp;&nbsp;\u00d5htuleht<\/li>\n<li><a href=\"https:\/\/news.google.com\/rss\/articles\/CBMipgFBVV95cUxPZnVOT01YVFoySzNUbVJjbjhkY2lDejd3cEhIWmJmdC13UVNubEw0VFVrQlNhRXZqMnNxNjZKcUNwV1BfY2FjTmdlZXA3YjlYekNHZjFhdDRDb0dXMC00VHZrV05TM1ZfSkpTLVFyR05KMGZPT3RBRm5CUUNXSG1EUExWT1RzNVpPbEZYRlRjS3BickxwTW5XYlZvX05QcWRQYmNUNEJ3?oc=5\" target=\"_blank\" rel=\"nofollow noopener\">Kuus hetke, mis otsustasid dramaatilise Paraguay ralli saatuse<\/a>&nbsp;&nbsp;Delfi Sport<\/li>\n<\/ol>\n","protected":false},"excerpt":{"rendered":"Robert Virves ja Jakko Viilo p\u00e4lvisid Paraguay rallil eriauhinna&nbsp;&nbsp;Saarte H\u00e4\u00e4l OTSEBLOGI | Paraguay ralli: kas Pajari v\u00f5tab kolmanda&hellip;\n","protected":false},"author":2,"featured_media":264679,"comment_status":"","ping_status":"","sticky":false,"template":"","format":"standard","meta":{"footnotes":"","_share_on_mastodon":"0"},"categories":[18],"tags":[37,33,35,34,36,3017,102826,26997,482,102720,95934,3016,159,158,5353],"class_list":["post-264678","post","type-post","status-publish","format-standard","has-post-thumbnail","category-sport","tag-ee","tag-eesti","tag-eesti-keel","tag-estonia","tag-estonian","tag-jakko-viilo","tag-katsevoit","tag-kiiruskatse","tag-louna-ameerika","tag-paraguay-mm-ralli","tag-ralli-ee","tag-robert-virves","tag-sport","tag-sports","tag-wrc2"],"share_on_mastodon":{"url":"https:\/\/pubeurope.com\/@ee\/117189130742360894","error":""},"_links":{"self":[{"href":"https:\/\/www.europesays.com\/ee\/wp-json\/wp\/v2\/posts\/264678","targetHints":{"allow":["GET"]}}],"collection":[{"href":"https:\/\/www.europesays.com\/ee\/wp-json\/wp\/v2\/posts"}],"about":[{"href":"https:\/\/www.europesays.com\/ee\/wp-json\/wp\/v2\/types\/post"}],"author":[{"embeddable":true,"href":"https:\/\/www.europesays.com\/ee\/wp-json\/wp\/v2\/users\/2"}],"replies":[{"embeddable":true,"href":"https:\/\/www.europesays.com\/ee\/wp-json\/wp\/v2\/comments?post=264678"}],"version-history":[{"count":0,"href":"https:\/\/www.europesays.com\/ee\/wp-json\/wp\/v2\/posts\/264678\/revisions"}],"wp:featuredmedia":[{"embeddable":true,"href":"https:\/\/www.europesays.com\/ee\/wp-json\/wp\/v2\/media\/264679"}],"wp:attachment":[{"href":"https:\/\/www.europesays.com\/ee\/wp-json\/wp\/v2\/media?parent=264678"}],"wp:term":[{"taxonomy":"category","embeddable":true,"href":"https:\/\/www.europesays.com\/ee\/wp-json\/wp\/v2\/categories?post=264678"},{"taxonomy":"post_tag","embeddable":true,"href":"https:\/\/www.europesays.com\/ee\/wp-json\/wp\/v2\/tags?post=264678"}],"curies":[{"name":"wp","href":"https:\/\/api.w.org\/{rel}","templated":true}]}}