{"id":264682,"date":"2026-08-31T08:19:11","date_gmt":"2026-08-31T08:19:11","guid":{"rendered":"https:\/\/www.europesays.com\/ee\/264682\/"},"modified":"2026-08-31T08:19:11","modified_gmt":"2026-08-31T08:19:11","slug":"fotod-kalle-grunthal-astus-omastamissuudistuses-kohtu-ette","status":"publish","type":"post","link":"https:\/\/www.europesays.com\/ee\/264682\/","title":{"rendered":"FOTOD | Kalle Gr\u00fcnthal astus omastamiss\u00fc\u00fcdistuses kohtu ette"},"content":{"rendered":"<p>S\u00fc\u00fcdistuse kohaselt kasutas Gr\u00fcnthal talle antud kaht <a rel=\"noopener nofollow\" target=\"_blank\" href=\"https:\/\/www.delfi.ee\/teema\/96905879\/kutusekaart\" data-rel-date-range=\"[]\">k\u00fctusekaarti<\/a> 2023. aastal korduvalt isiklikuks otstarbeks, kui andis neid kasutamiseks oma pereliikmetele. S\u00fc\u00fcdistuse j\u00e4rgi osteti sel viisil isiklukuks otstarbeks k\u00fctust v\u00e4hemalt 46 korral kokku veidi \u00fcle 3000 euro v\u00e4\u00e4rtuses.<\/p>\n<p>Riigiprokur\u00f6r Eneli Laurits m\u00e4rkis, et prokuratuuri hinnangul viitavad kohtueelses menetluses kogutud t\u00f5endid, et k\u00fctusekaartide kolmandatele isikutele kasutada andmisega kuritarvitas riigikogu liige talle usaldatud maksumaksja vara enda pereliikmete kasuks.<\/p>\n<p><a href=\"https:\/\/www.delfi.ee\/artikkel\/120607186\/fotod-kalle-grunthal-astus-omastamissuudistuses-kohtu-ette\/kommentaarid\" class=\"button button--primary button--size-auto article-body-bottom__comment article-body-bottom__comment--write\" style=\"\" rel=\"nofollow noopener\" target=\"_blank\">Kommenteeri<\/a><a href=\"https:\/\/www.delfi.ee\/artikkel\/120607186\/fotod-kalle-grunthal-astus-omastamissuudistuses-kohtu-ette\/kommentaarid\" class=\"button button--size-auto article-body-bottom__comment article-body-bottom__comment--read\" style=\"\" rel=\"nofollow noopener\" target=\"_blank\">Loe kommentaare (51)<\/a><\/p>\n","protected":false},"excerpt":{"rendered":"S\u00fc\u00fcdistuse kohaselt kasutas Gr\u00fcnthal talle antud kaht k\u00fctusekaarti 2023. aastal korduvalt isiklikuks otstarbeks, kui andis neid kasutamiseks oma&hellip;\n","protected":false},"author":2,"featured_media":264683,"comment_status":"","ping_status":"","sticky":false,"template":"","format":"standard","meta":{"footnotes":"","_share_on_mastodon":"0"},"categories":[5],"tags":[687,679,667,26,27,673,688,663,662,37,33,35,684,683,692,34,36,31,32,208,148,21,206,668,669,381,686,677,694,691,339,680,28,29,671,672,377,690,144,678,665,19,693,676,666,25,322,664,150,695,685,159,394,682,674,675,23,24,689,222,22,20,670,681,149,30],"class_list":["post-264682","post","type-post","status-publish","format-standard","has-post-thumbnail","category-uldised-uudised","tag-ajaviide","tag-autoleht","tag-blog","tag-breaking-news","tag-breakingnews","tag-cv","tag-date","tag-defli","tag-delfi","tag-ee","tag-eesti","tag-eesti-keel","tag-ekaart","tag-email","tag-erootika","tag-estonia","tag-estonian","tag-featured-news","tag-featurednews","tag-film","tag-foto","tag-headlines","tag-horoskoop","tag-ilm","tag-ilmaennustus","tag-internet","tag-kaart","tag-kava","tag-kindlustus","tag-kinnisvara","tag-kuulutused","tag-lasteleht","tag-latest-news","tag-latestnews","tag-loto","tag-majandus","tag-mangud","tag-mobiil","tag-muusika","tag-naisteleht","tag-naljad","tag-news","tag-otsing","tag-pank","tag-pilt","tag-populaarseimad-lood","tag-raadio","tag-reklaam","tag-seks","tag-sms","tag-solo","tag-sport","tag-tarkvara","tag-tasuta","tag-too","tag-toopakkumised","tag-top-stories","tag-topstories","tag-tutvus","tag-tv","tag-uldised-uudised","tag-uudised","tag-valimised","tag-valuuta","tag-video","tag-viimased-uudised"],"share_on_mastodon":{"url":"","error":"Validation failed: Text character limit of 500 exceeded"},"_links":{"self":[{"href":"https:\/\/www.europesays.com\/ee\/wp-json\/wp\/v2\/posts\/264682","targetHints":{"allow":["GET"]}}],"collection":[{"href":"https:\/\/www.europesays.com\/ee\/wp-json\/wp\/v2\/posts"}],"about":[{"href":"https:\/\/www.europesays.com\/ee\/wp-json\/wp\/v2\/types\/post"}],"author":[{"embeddable":true,"href":"https:\/\/www.europesays.com\/ee\/wp-json\/wp\/v2\/users\/2"}],"replies":[{"embeddable":true,"href":"https:\/\/www.europesays.com\/ee\/wp-json\/wp\/v2\/comments?post=264682"}],"version-history":[{"count":0,"href":"https:\/\/www.europesays.com\/ee\/wp-json\/wp\/v2\/posts\/264682\/revisions"}],"wp:featuredmedia":[{"embeddable":true,"href":"https:\/\/www.europesays.com\/ee\/wp-json\/wp\/v2\/media\/264683"}],"wp:attachment":[{"href":"https:\/\/www.europesays.com\/ee\/wp-json\/wp\/v2\/media?parent=264682"}],"wp:term":[{"taxonomy":"category","embeddable":true,"href":"https:\/\/www.europesays.com\/ee\/wp-json\/wp\/v2\/categories?post=264682"},{"taxonomy":"post_tag","embeddable":true,"href":"https:\/\/www.europesays.com\/ee\/wp-json\/wp\/v2\/tags?post=264682"}],"curies":[{"name":"wp","href":"https:\/\/api.w.org\/{rel}","templated":true}]}}