{"id":264690,"date":"2026-08-31T08:30:13","date_gmt":"2026-08-31T08:30:13","guid":{"rendered":"https:\/\/www.europesays.com\/ee\/264690\/"},"modified":"2026-08-31T08:30:13","modified_gmt":"2026-08-31T08:30:13","slug":"kas-ajalugu-teinud-pajari-puuab-evansi-tiitliheitluses-kinni-virvesel-ohjad-endiselt-enda-kaes-delfi-sport","status":"publish","type":"post","link":"https:\/\/www.europesays.com\/ee\/264690\/","title":{"rendered":"Kas ajalugu teinud Pajari p\u00fc\u00fcab Evansi tiitliheitluses kinni? Virvesel ohjad endiselt enda k\u00e4es &#8211; Delfi Sport"},"content":{"rendered":"<ol>\n<li><a href=\"https:\/\/news.google.com\/rss\/articles\/CBMi0gFBVV95cUxNRFJTTk1SUDJNUk1meU1nZTYwNHBDX21QM25KOHNqcTd3OF9UTkFpMEVlMkQzV05ybnFFcHRnYmpzZGtzUjBYWlpMaklPMkhwRFBuV1NKUWRqcVpqdnpmdTVxaDd4SjJ1MU5GSl9EWGFWeEFnaV9oTWFMOGZsN0VTcVZNejB2cmw3WElYcW94ei1jTjZIUGktelo0Ym1nZVJxT0xSaVFQcHh1QlRtbW9UazRyTDdGczBVWG9GT3ZmY3hJVU43MWo1OE1MVG8yZ3JOVmc?oc=5\" target=\"_blank\" rel=\"nofollow noopener\">Kas ajalugu teinud Pajari p\u00fc\u00fcab Evansi tiitliheitluses kinni? Virvesel ohjad endiselt enda k\u00e4es<\/a>&nbsp;&nbsp;Delfi Sport<\/li>\n<li><a href=\"https:\/\/news.google.com\/rss\/articles\/CBMixAFBVV95cUxQRUkyS2NFZHFUYWh1WmxJSkhTYy1TZl84MGFSRHNURlVaMlpLUmRyU0FVYnJ6RENQUUxwWGpZeFI5ejN6LU5JRXlFV2tqcWIxLUdCclZMcU9RS2YyT0NuWHhJRnMyRl9IRHUzVGozeG9QVHZkTUhRbGVqYWpDN3RpRWJ2R1FRSExlMEt4ODNaWlVONEVvVjdMeGVZTFd2YjdyejNOd2ZDMFhUdEFKX3ZsSnJzdlREWkdUX1ZGUE5sOGVCVmFS?oc=5\" target=\"_blank\" rel=\"nofollow noopener\">OTSEBLOGI | Paraguay ralli: kas Pajari v\u00f5tab kolmanda v\u00f5idu j\u00e4rjest? Kes v\u00f5idab punktikatse?<\/a>&nbsp;&nbsp;Delfi Sport<\/li>\n<li><a href=\"https:\/\/news.google.com\/rss\/articles\/CBMipwFBVV95cUxPSEFEeEdLV08tX1ZWaGJrdWZZY1NXSmJEUGZhOFFKWXhaT1JuN3hHcElsdWtyNk5WaDFMUjdGdV9ubnlZUS15bEpmcy1NcEFHRDBrSjU2WkxTS3p1Nnh2UzVfZERTXzJydzlaVWJHZDJfQlY3bXpLSjJTNWZjS2FlaEc1Tm15T0lCLUVaMV9JU2c5c0RqcklBNlpCenZMOHkzM1ZYLWM0QQ?oc=5\" target=\"_blank\" rel=\"nofollow noopener\">Robert Virves ja Jakko Viilo p\u00e4lvisid Paraguay rallil eriauhinna<\/a>&nbsp;&nbsp;Saarte H\u00e4\u00e4l<\/li>\n<li><a href=\"https:\/\/news.google.com\/rss\/articles\/CBMiqAFBVV95cUxPQmhxVktVcjNabXcxakJYT3lVaGhMeGl4UnlPQlBUbXNfeERaaDlqdjhubTNMY25wTDNiMndQUmpheW9DaURBenY4cG9YeEtrbFZNNmRKbUJKb1Bmd3p3NFNXUlNidE40Mk5oaUdMRTdaMkFWNVhUWS10NGhPcTlfU3Q4VG05d09BM2Z3VGYyNEtkQ0FUQ05VTVhYYkstNEc0ZFlLck1NRHA?oc=5\" target=\"_blank\" rel=\"nofollow noopener\">Pajari kerkis Paraguay rallil liidriks, J\u00fcrgenson t\u00f5usis WRC2-s neljandaks<\/a>&nbsp;&nbsp;sport | ERR<\/li>\n<li><a href=\"https:\/\/news.google.com\/rss\/articles\/CBMiwAFBVV95cUxQU3prbGtUTnpucHptZnpyZk9paXo5RUN4NjBiTDdEX2NlczJkMFQ1RU94UFUtNk5ZejNIRmwtTW51ZVVEVERzaktkdGFqdDhrWDVVa3pyY3VyNkNOczBYZGNCbG42QWtBc1RCUVNiNzN3NDhGVDZlR3ZJUFhRM3Zpb3NxVTlhdmsyc2tTXzg0aW9VdXZFVEprMEQ1SmktMHpmVWpNdFh6NFdXRE14S0ZSQVNmaF9qREZTRGR1VDRpdVI?oc=5\" target=\"_blank\" rel=\"nofollow noopener\">BLOGI | Pajari sai kolmanda j\u00e4rjestikuse etapiv\u00f5idu, kuid Toyota tiitlit ei kindlustanud<\/a>&nbsp;&nbsp;\u00d5htuleht<\/li>\n<\/ol>\n","protected":false},"excerpt":{"rendered":"Kas ajalugu teinud Pajari p\u00fc\u00fcab Evansi tiitliheitluses kinni? Virvesel ohjad endiselt enda k\u00e4es&nbsp;&nbsp;Delfi Sport OTSEBLOGI | Paraguay ralli:&hellip;\n","protected":false},"author":2,"featured_media":264691,"comment_status":"","ping_status":"","sticky":false,"template":"","format":"standard","meta":{"footnotes":"","_share_on_mastodon":"0"},"categories":[5],"tags":[26,27,37,33,35,3307,34,36,31,32,21,28,29,19,25,3016,3015,6863,23,24,22,20,30,1192,5353],"class_list":["post-264690","post","type-post","status-publish","format-standard","has-post-thumbnail","category-uldised-uudised","tag-breaking-news","tag-breakingnews","tag-ee","tag-eesti","tag-eesti-keel","tag-elfyn-evans","tag-estonia","tag-estonian","tag-featured-news","tag-featurednews","tag-headlines","tag-latest-news","tag-latestnews","tag-news","tag-populaarseimad-lood","tag-robert-virves","tag-romet-jurgenson","tag-sami-pajari","tag-top-stories","tag-topstories","tag-uldised-uudised","tag-uudised","tag-viimased-uudised","tag-wrc","tag-wrc2"],"share_on_mastodon":{"url":"https:\/\/pubeurope.com\/@ee\/117189189442328991","error":""},"_links":{"self":[{"href":"https:\/\/www.europesays.com\/ee\/wp-json\/wp\/v2\/posts\/264690","targetHints":{"allow":["GET"]}}],"collection":[{"href":"https:\/\/www.europesays.com\/ee\/wp-json\/wp\/v2\/posts"}],"about":[{"href":"https:\/\/www.europesays.com\/ee\/wp-json\/wp\/v2\/types\/post"}],"author":[{"embeddable":true,"href":"https:\/\/www.europesays.com\/ee\/wp-json\/wp\/v2\/users\/2"}],"replies":[{"embeddable":true,"href":"https:\/\/www.europesays.com\/ee\/wp-json\/wp\/v2\/comments?post=264690"}],"version-history":[{"count":0,"href":"https:\/\/www.europesays.com\/ee\/wp-json\/wp\/v2\/posts\/264690\/revisions"}],"wp:featuredmedia":[{"embeddable":true,"href":"https:\/\/www.europesays.com\/ee\/wp-json\/wp\/v2\/media\/264691"}],"wp:attachment":[{"href":"https:\/\/www.europesays.com\/ee\/wp-json\/wp\/v2\/media?parent=264690"}],"wp:term":[{"taxonomy":"category","embeddable":true,"href":"https:\/\/www.europesays.com\/ee\/wp-json\/wp\/v2\/categories?post=264690"},{"taxonomy":"post_tag","embeddable":true,"href":"https:\/\/www.europesays.com\/ee\/wp-json\/wp\/v2\/tags?post=264690"}],"curies":[{"name":"wp","href":"https:\/\/api.w.org\/{rel}","templated":true}]}}