{"id":264692,"date":"2026-08-31T08:36:11","date_gmt":"2026-08-31T08:36:11","guid":{"rendered":"https:\/\/www.europesays.com\/ee\/264692\/"},"modified":"2026-08-31T08:36:11","modified_gmt":"2026-08-31T08:36:11","slug":"dolly-parton-paljastas-enne-surma-toe-oma-rindade-kohta","status":"publish","type":"post","link":"https:\/\/www.europesays.com\/ee\/264692\/","title":{"rendered":"Dolly Parton paljastas enne surma t\u00f5e oma rindade kohta"},"content":{"rendered":"<p>80-aastaselt surnud staaril oli mitmeid ilurutiine, mis paneksid paljud naised kulme kergitama. N\u00e4iteks ei teinud ta mingit saladust sellest, et ta on alates 80ndatest l\u00e4inud igal \u00f6\u00f6l magama t\u00e4ismeigiga. Kolm aastat tagasi ilmunud raamatus \u201eBehind the Seams: My Life in Rhinestones\u201c selgitas Dolly, et ta magas meigiga oma meelerahuks, sest ta kartis, et \u00f6\u00f6sel v\u00f5ib tekkida h\u00e4daolukord.<\/p>\n<p>\u201eKui ma 80ndatel Los Angelesse saabusin, hakkasin meigiga magama. Peamiselt tegin seda maav\u00e4rinate t\u00f5ttu,\u201c kirjutas Parton oma raamatus. \u201eMa ei tahtnud ilma meigita t\u00e4navale joosta, sest seal v\u00f5ivad olla fotograafid.\u201c<\/p>\n<p><a href=\"https:\/\/kroonika.delfi.ee\/artikkel\/120607175\/dolly-parton-paljastas-enne-surma-toe-oma-rindade-kohta\/kommentaarid\" class=\"button button--primary button--size-auto article-body-bottom__comment article-body-bottom__comment--write\" style=\"\" rel=\"nofollow noopener\" target=\"_blank\">Kommenteeri<\/a><a href=\"https:\/\/kroonika.delfi.ee\/artikkel\/120607175\/dolly-parton-paljastas-enne-surma-toe-oma-rindade-kohta\/kommentaarid\" class=\"button button--size-auto article-body-bottom__comment article-body-bottom__comment--read\" style=\"\" rel=\"nofollow noopener\" target=\"_blank\">Loe kommentaare <\/a><\/p>\n","protected":false},"excerpt":{"rendered":"80-aastaselt surnud staaril oli mitmeid ilurutiine, mis paneksid paljud naised kulme kergitama. N\u00e4iteks ei teinud ta mingit saladust&hellip;\n","protected":false},"author":2,"featured_media":264693,"comment_status":"","ping_status":"","sticky":false,"template":"","format":"standard","meta":{"footnotes":"","_share_on_mastodon":"0"},"categories":[16],"tags":[5716,37,33,35,173,34,36,14303,140,102827],"class_list":["post-264692","post","type-post","status-publish","format-standard","has-post-thumbnail","category-meelelahutus","tag-dolly-parton","tag-ee","tag-eesti","tag-eesti-keel","tag-entertainment","tag-estonia","tag-estonian","tag-ilukirurgia","tag-meelelahutus","tag-rinnaoperatsioon"],"share_on_mastodon":{"url":"https:\/\/pubeurope.com\/@ee\/117189213418233396","error":""},"_links":{"self":[{"href":"https:\/\/www.europesays.com\/ee\/wp-json\/wp\/v2\/posts\/264692","targetHints":{"allow":["GET"]}}],"collection":[{"href":"https:\/\/www.europesays.com\/ee\/wp-json\/wp\/v2\/posts"}],"about":[{"href":"https:\/\/www.europesays.com\/ee\/wp-json\/wp\/v2\/types\/post"}],"author":[{"embeddable":true,"href":"https:\/\/www.europesays.com\/ee\/wp-json\/wp\/v2\/users\/2"}],"replies":[{"embeddable":true,"href":"https:\/\/www.europesays.com\/ee\/wp-json\/wp\/v2\/comments?post=264692"}],"version-history":[{"count":0,"href":"https:\/\/www.europesays.com\/ee\/wp-json\/wp\/v2\/posts\/264692\/revisions"}],"wp:featuredmedia":[{"embeddable":true,"href":"https:\/\/www.europesays.com\/ee\/wp-json\/wp\/v2\/media\/264693"}],"wp:attachment":[{"href":"https:\/\/www.europesays.com\/ee\/wp-json\/wp\/v2\/media?parent=264692"}],"wp:term":[{"taxonomy":"category","embeddable":true,"href":"https:\/\/www.europesays.com\/ee\/wp-json\/wp\/v2\/categories?post=264692"},{"taxonomy":"post_tag","embeddable":true,"href":"https:\/\/www.europesays.com\/ee\/wp-json\/wp\/v2\/tags?post=264692"}],"curies":[{"name":"wp","href":"https:\/\/api.w.org\/{rel}","templated":true}]}}