{"id":264694,"date":"2026-08-31T08:37:14","date_gmt":"2026-08-31T08:37:14","guid":{"rendered":"https:\/\/www.europesays.com\/ee\/264694\/"},"modified":"2026-08-31T08:37:14","modified_gmt":"2026-08-31T08:37:14","slug":"henri-drell-vabandan-eesti-rahva-ees-te-voite-mind-risti-luua-korvpalli-eesti-koondis","status":"publish","type":"post","link":"https:\/\/www.europesays.com\/ee\/264694\/","title":{"rendered":"Henri Drell: vabandan Eesti rahva ees, te v\u00f5ite mind risti l\u00fc\u00fca | Korvpalli Eesti koondis"},"content":{"rendered":"<p>Eesti korvpallikoondislane Henri Drell t\u00f5des p\u00e4rast kaotust Soomele, et ei m\u00e4nginud augustikuises koondiseaknas oma tavap\u00e4rasel tasemel ning tundis, et vedas koondisekaaslased alt.<\/p>\n<p>Drell esines kahvatult nii neljap\u00e4evases kaotuses Ungarile kui ka p\u00fchap\u00e4evases kaotuses Soomele. Kui m\u00e4ngus Ungariga kogunes tema arvele ainult neli punkti ja neli lauapalli, siis Soome vastu piirdus ta kahe punkti ja kolme lauapalliga. Lisaks sooritas ta kahe m\u00e4ngu peale kaheksa pallikaotust.<\/p>\n<p>&#8220;See k\u00f5ik juhtus platsil ja peas. \u00dctlen ausalt, vabandan Eesti rahva ees! Vabandan k\u00f5ikide ees! L\u00e4ksin lati alt l\u00e4bi. Te v\u00f5ite mind risti l\u00fc\u00fca. See koondiseaken&#8230; V\u00f5tan puhtalt enda peale. V\u00f5ib-olla oli vormi ajastus, v\u00f5ib-olla oli see ninavigastus. Ma saaks k\u00f5ikide nende asjade taha pugeda, aga ma ei hakka seda tegema. Ma m\u00e4ngisin sitasti ja v\u00f5tan selle k\u00f5ik enda peale,&#8221; r\u00e4\u00e4kis Drell ERR-ile.<\/p>\n<p>&#8220;Meil oli s\u00fcsteem m\u00e4ngijatele, kaasa arvatud mulle. Ma pidin deliver&#8217;ima (head m\u00e4ngu tegema &#8211; toim.), aga ma ei deliver&#8217;inud. Nii et j\u00e4llegi, minu viga! Ma v\u00f5tan selle enda peale. Keegi teine ei ole s\u00fc\u00fcdi, treenerid ei ole s\u00fc\u00fcdi. Henri Drell on s\u00fc\u00fcdi,&#8221; j\u00e4tkas \u00e4\u00e4rem\u00e4ngija.<\/p>\n<p>Drelli hinnangul v\u00f5is jutt MM-finaalturniirile j\u00f5udmisest koondislastele nahavahele pugeda. &#8220;See v\u00f5is ikka m\u00f5jutada. K\u00f5ik mehed tahavad ju v\u00f5ita. Me ei l\u00e4he m\u00e4ngule kaotama. Poisid v\u00f5ivad ju \u00f6elda, et ei m\u00f5jutanud, aga tegelikult kindlasti m\u00f5jutas. Me k\u00f5ik tahame MM-ile minna ja ajalugu teha, aga n\u00e4ed&#8230; Ma ei oska \u00f6elda, kui palju see meid m\u00f5jutas, aga kindlasti m\u00f5jutas. Mind isiklikult see ei m\u00f5jutanud. See on tore, et te kirjutate sellest. See on tore, et te hype&#8217;ite meid. Ma loodan, et te teete seda ka edaspidi, aga p\u00e4rast sellist show&#8217;d, ma saan aru, kui te seda enam ei tee,&#8221; \u00fctles Drell.<\/p>\n","protected":false},"excerpt":{"rendered":"Eesti korvpallikoondislane Henri Drell t\u00f5des p\u00e4rast kaotust Soomele, et ei m\u00e4nginud augustikuises koondiseaknas oma tavap\u00e4rasel tasemel ning tundis,&hellip;\n","protected":false},"author":2,"featured_media":264695,"comment_status":"","ping_status":"","sticky":false,"template":"","format":"standard","meta":{"footnotes":"","_share_on_mastodon":"0"},"categories":[18],"tags":[37,33,35,3119,34,36,41,17914,17880,159,158],"class_list":["post-264694","post","type-post","status-publish","format-standard","has-post-thumbnail","category-sport","tag-ee","tag-eesti","tag-eesti-keel","tag-eesti-korvpallikoondis","tag-estonia","tag-estonian","tag-henri-drell","tag-korvpalli-mm-valiksari","tag-soome-korvpallikoondis","tag-sport","tag-sports"],"share_on_mastodon":{"url":"https:\/\/pubeurope.com\/@ee\/117189217296159469","error":""},"_links":{"self":[{"href":"https:\/\/www.europesays.com\/ee\/wp-json\/wp\/v2\/posts\/264694","targetHints":{"allow":["GET"]}}],"collection":[{"href":"https:\/\/www.europesays.com\/ee\/wp-json\/wp\/v2\/posts"}],"about":[{"href":"https:\/\/www.europesays.com\/ee\/wp-json\/wp\/v2\/types\/post"}],"author":[{"embeddable":true,"href":"https:\/\/www.europesays.com\/ee\/wp-json\/wp\/v2\/users\/2"}],"replies":[{"embeddable":true,"href":"https:\/\/www.europesays.com\/ee\/wp-json\/wp\/v2\/comments?post=264694"}],"version-history":[{"count":0,"href":"https:\/\/www.europesays.com\/ee\/wp-json\/wp\/v2\/posts\/264694\/revisions"}],"wp:featuredmedia":[{"embeddable":true,"href":"https:\/\/www.europesays.com\/ee\/wp-json\/wp\/v2\/media\/264695"}],"wp:attachment":[{"href":"https:\/\/www.europesays.com\/ee\/wp-json\/wp\/v2\/media?parent=264694"}],"wp:term":[{"taxonomy":"category","embeddable":true,"href":"https:\/\/www.europesays.com\/ee\/wp-json\/wp\/v2\/categories?post=264694"},{"taxonomy":"post_tag","embeddable":true,"href":"https:\/\/www.europesays.com\/ee\/wp-json\/wp\/v2\/tags?post=264694"}],"curies":[{"name":"wp","href":"https:\/\/api.w.org\/{rel}","templated":true}]}}