{"id":264704,"date":"2026-08-31T08:48:07","date_gmt":"2026-08-31T08:48:07","guid":{"rendered":"https:\/\/www.europesays.com\/ee\/264704\/"},"modified":"2026-08-31T08:48:07","modified_gmt":"2026-08-31T08:48:07","slug":"patrik-kristal-on-siirdumas-sveitsi-korgliigasse-mattias-kaidi-klubisse","status":"publish","type":"post","link":"https:\/\/www.europesays.com\/ee\/264704\/","title":{"rendered":"Patrik Kristal on siirdumas \u0160veitsi k\u00f5rgliigasse Mattias K\u00e4idi klubisse"},"content":{"rendered":"<p>18-aastane Kristal on viimased poolteist hooaega kandnud Saksamaa klubi <a rel=\"noopener nofollow\" target=\"_blank\" href=\"https:\/\/www.delfi.ee\/teema\/56504112\/fc-koln\" tag-id=\"56504112\">FC K\u00f6lni<\/a> s\u00e4rki, kuid teeninud m\u00e4nguaega vaid selle duubelmeeskonnas, mis kuulub Saksa tugevuselt neljandasse liigasse. Sel suvel veetis Kristal ettevalmistusperioodi esindustiimi juures, kuid hooaja esimestes kohtumistes ta m\u00e4ngup\u00e4eva koosseisu kuulunud pole.<\/p>\n<p>Juba suvel peeti k\u00f5ige t\u00f5en\u00e4olisemaks varianti, et Kristal antakse laenule m\u00f5nda klubisse, kus ta saab regulaarselt m\u00e4nguaega. Siis seostati eestlast Taani klubide Viborgi ja Lyngbyga, kuid tehingut ei toimunud.<\/p>\n<p>N\u00fc\u00fcd kuulutas Saksamaa \u00fcleminekuekspert Dominik Schneider, et Kristali teenetest on huvitatud \u0160veitsi k\u00f5rgliigaklubi Thun, kelle ridadesse kuulub teinegi Eesti koondislane Mattias K\u00e4it. V\u00e4idetavalt s\u00f5idab Kristal t\u00e4na Thuni arstlikule \u00fclevaatusele ning kui ta selle edukalt l\u00e4bib, s\u00f5lmitakse aastane laenuleping. Lepingusse lisatakse punkt, mille kohaselt on Thunil v\u00f5imalik laenuperioodi l\u00f5ppedes eestlane v\u00e4lja osta.<\/p>\n<p>Kui Kristal Thuniga k\u00e4ed l\u00f6\u00f6b, saab ta lisaks \u0160veitsi k\u00f5rgliigale sel hooajal m\u00e4ngida ka UEFA Konverentsiliigas, mille p\u00f5hiturniirile on meeskonnal koht kindlustatud.<\/p>\n<p>Thun tuli m\u00f6\u00f6dunud hooajal \u0160veitsi meistriks, uut hooaega on alustatud kahe v\u00f5idu ja kahe kaotusega. Euroteekonda alustati Meistrite liiga kvalifikatsioonist, kuid kahe allaj\u00e4\u00e4mise j\u00e4rel Zagrebi D\u00fcnamole ja Poznani Lechile tuleb klubil leppida tugevuselt kolmandas eurosarjas osalemisega.<\/p>\n<p>Kuidas see lugu Sind end tundma pani?Saada<a href=\"https:\/\/sport.delfi.ee\/artikkel\/120607180\/patrik-kristal-on-siirdumas-sveitsi-korgliigasse-mattias-kaidi-klubisse\/kommentaarid\" class=\"button button--primary button--size-auto article-body-bottom__comment article-body-bottom__comment--write\" style=\"\" rel=\"nofollow noopener\" target=\"_blank\">Kommenteeri<\/a><a href=\"https:\/\/sport.delfi.ee\/artikkel\/120607180\/patrik-kristal-on-siirdumas-sveitsi-korgliigasse-mattias-kaidi-klubisse\/kommentaarid\" class=\"button button--size-auto article-body-bottom__comment article-body-bottom__comment--read\" style=\"\" rel=\"nofollow noopener\" target=\"_blank\">Loe kommentaare <\/a><\/p>\n","protected":false},"excerpt":{"rendered":"18-aastane Kristal on viimased poolteist hooaega kandnud Saksamaa klubi FC K\u00f6lni s\u00e4rki, kuid teeninud m\u00e4nguaega vaid selle duubelmeeskonnas,&hellip;\n","protected":false},"author":2,"featured_media":264705,"comment_status":"","ping_status":"","sticky":false,"template":"","format":"standard","meta":{"footnotes":"","_share_on_mastodon":"0"},"categories":[18],"tags":[37,33,35,34,36,1158,19407,5651,921,159,158],"class_list":["post-264704","post","type-post","status-publish","format-standard","has-post-thumbnail","category-sport","tag-ee","tag-eesti","tag-eesti-keel","tag-estonia","tag-estonian","tag-fc-koln","tag-fc-thun","tag-mattias-kait","tag-patrik-kristal","tag-sport","tag-sports"],"share_on_mastodon":{"url":"https:\/\/pubeurope.com\/@ee\/117189260365621120","error":""},"_links":{"self":[{"href":"https:\/\/www.europesays.com\/ee\/wp-json\/wp\/v2\/posts\/264704","targetHints":{"allow":["GET"]}}],"collection":[{"href":"https:\/\/www.europesays.com\/ee\/wp-json\/wp\/v2\/posts"}],"about":[{"href":"https:\/\/www.europesays.com\/ee\/wp-json\/wp\/v2\/types\/post"}],"author":[{"embeddable":true,"href":"https:\/\/www.europesays.com\/ee\/wp-json\/wp\/v2\/users\/2"}],"replies":[{"embeddable":true,"href":"https:\/\/www.europesays.com\/ee\/wp-json\/wp\/v2\/comments?post=264704"}],"version-history":[{"count":0,"href":"https:\/\/www.europesays.com\/ee\/wp-json\/wp\/v2\/posts\/264704\/revisions"}],"wp:featuredmedia":[{"embeddable":true,"href":"https:\/\/www.europesays.com\/ee\/wp-json\/wp\/v2\/media\/264705"}],"wp:attachment":[{"href":"https:\/\/www.europesays.com\/ee\/wp-json\/wp\/v2\/media?parent=264704"}],"wp:term":[{"taxonomy":"category","embeddable":true,"href":"https:\/\/www.europesays.com\/ee\/wp-json\/wp\/v2\/categories?post=264704"},{"taxonomy":"post_tag","embeddable":true,"href":"https:\/\/www.europesays.com\/ee\/wp-json\/wp\/v2\/tags?post=264704"}],"curies":[{"name":"wp","href":"https:\/\/api.w.org\/{rel}","templated":true}]}}