{"id":264718,"date":"2026-08-31T09:12:10","date_gmt":"2026-08-31T09:12:10","guid":{"rendered":"https:\/\/www.europesays.com\/ee\/264718\/"},"modified":"2026-08-31T09:12:10","modified_gmt":"2026-08-31T09:12:10","slug":"droonid-rundasid-logistikakeskust-venemaal-jekaterinburgis","status":"publish","type":"post","link":"https:\/\/www.europesays.com\/ee\/264718\/","title":{"rendered":"Droonid r\u00fcndasid logistikakeskust Venemaal Jekaterinburgis"},"content":{"rendered":"<p>\u201eOn droonide ja t\u00fckkide tabamused elumajja ja logistikakeskusse. Ohvreid ei ole. Informatsiooni kannatanute kohta t\u00e4psustatakse. On fikseeritud s\u00fcttimised. T\u00f6\u00f6tavad k\u00f5ik operatiivteenistused. Toimub evakueerimine,\u201c teatas Pasler, vahendab Interfax.<\/p>\n<p>Venemaa presidendi t\u00e4ievoliline esindaja Uurali f\u00f6deraalringkonnas Artjom \u017doga teatas, et \u201edrooni t\u00fckid kukkusid logistikakompleksi juurde\u201c.<\/p>\n<p>Kuidas see lugu Sind end tundma pani?Saada<a href=\"https:\/\/www.delfi.ee\/artikkel\/120607181\/droonid-rundasid-logistikakeskust-venemaal-jekaterinburgis\/kommentaarid\" class=\"button button--primary button--size-auto article-body-bottom__comment article-body-bottom__comment--write\" style=\"\" rel=\"nofollow noopener\" target=\"_blank\">Kommenteeri<\/a><a href=\"https:\/\/www.delfi.ee\/artikkel\/120607181\/droonid-rundasid-logistikakeskust-venemaal-jekaterinburgis\/kommentaarid\" class=\"button button--size-auto article-body-bottom__comment article-body-bottom__comment--read\" style=\"\" rel=\"nofollow noopener\" target=\"_blank\">Loe kommentaare (20)<\/a><\/p>\n","protected":false},"excerpt":{"rendered":"\u201eOn droonide ja t\u00fckkide tabamused elumajja ja logistikakeskusse. Ohvreid ei ole. Informatsiooni kannatanute kohta t\u00e4psustatakse. On fikseeritud s\u00fcttimised.&hellip;\n","protected":false},"author":2,"featured_media":264719,"comment_status":"","ping_status":"","sticky":false,"template":"","format":"standard","meta":{"footnotes":"","_share_on_mastodon":"0"},"categories":[80],"tags":[26,27,37,33,35,34,36,31,32,21,8813,28,29,95,19,25,9349,23,24,22,20,59731,96,30,92,93,94],"class_list":["post-264718","post","type-post","status-publish","format-standard","has-post-thumbnail","category-maailm","tag-breaking-news","tag-breakingnews","tag-ee","tag-eesti","tag-eesti-keel","tag-estonia","tag-estonian","tag-featured-news","tag-featurednews","tag-headlines","tag-jekaterinburg","tag-latest-news","tag-latestnews","tag-maailm","tag-news","tag-populaarseimad-lood","tag-sverdlovsk","tag-top-stories","tag-topstories","tag-uldised-uudised","tag-uudised","tag-uuralid","tag-venemaa","tag-viimased-uudised","tag-world","tag-world-news","tag-worldnews"],"share_on_mastodon":{"url":"https:\/\/pubeurope.com\/@ee\/117189354836446546","error":""},"_links":{"self":[{"href":"https:\/\/www.europesays.com\/ee\/wp-json\/wp\/v2\/posts\/264718","targetHints":{"allow":["GET"]}}],"collection":[{"href":"https:\/\/www.europesays.com\/ee\/wp-json\/wp\/v2\/posts"}],"about":[{"href":"https:\/\/www.europesays.com\/ee\/wp-json\/wp\/v2\/types\/post"}],"author":[{"embeddable":true,"href":"https:\/\/www.europesays.com\/ee\/wp-json\/wp\/v2\/users\/2"}],"replies":[{"embeddable":true,"href":"https:\/\/www.europesays.com\/ee\/wp-json\/wp\/v2\/comments?post=264718"}],"version-history":[{"count":0,"href":"https:\/\/www.europesays.com\/ee\/wp-json\/wp\/v2\/posts\/264718\/revisions"}],"wp:featuredmedia":[{"embeddable":true,"href":"https:\/\/www.europesays.com\/ee\/wp-json\/wp\/v2\/media\/264719"}],"wp:attachment":[{"href":"https:\/\/www.europesays.com\/ee\/wp-json\/wp\/v2\/media?parent=264718"}],"wp:term":[{"taxonomy":"category","embeddable":true,"href":"https:\/\/www.europesays.com\/ee\/wp-json\/wp\/v2\/categories?post=264718"},{"taxonomy":"post_tag","embeddable":true,"href":"https:\/\/www.europesays.com\/ee\/wp-json\/wp\/v2\/tags?post=264718"}],"curies":[{"name":"wp","href":"https:\/\/api.w.org\/{rel}","templated":true}]}}