{"id":264738,"date":"2026-08-31T09:34:11","date_gmt":"2026-08-31T09:34:11","guid":{"rendered":"https:\/\/www.europesays.com\/ee\/264738\/"},"modified":"2026-08-31T09:34:11","modified_gmt":"2026-08-31T09:34:11","slug":"hispaania-peaminister-sanchez-desinformatsiooni-ceuta-randekriisi-kohta-levitasid-venemaa-ja-iisrael","status":"publish","type":"post","link":"https:\/\/www.europesays.com\/ee\/264738\/","title":{"rendered":"Hispaania peaminister S\u00e1nchez: desinformatsiooni Ceuta r\u00e4ndekriisi kohta levitasid Venemaa ja Iisrael"},"content":{"rendered":"<p>S\u00e1nchez viitas <a rel=\"noopener nofollow\" target=\"_blank\" href=\"https:\/\/www.delfi.ee\/teema\/25138591\/euroopa\" tag-id=\"25138591\">Euroopa<\/a> v\u00e4listeenistuse (EEAS) uuringule ja \u00fctles, et on ilmne, et m\u00f5lemad riigid kasutasid seda kriisi tema valitsuse kritiseerimiseks, vahendab Reuters.<\/p>\n<p>K\u00fcmned tuhanded migrandid saabusid juulis <a rel=\"noopener nofollow\" target=\"_blank\" href=\"https:\/\/www.delfi.ee\/teema\/25280437\/maroko\" tag-id=\"25280437\">Marokost<\/a> Ceutasse, tekitades \u00fche t\u00f5sisema r\u00e4ndekriisi Hispaania ajaloos. Hispaania v\u00f5imude hinnangul sisenes 24 tunni jooksul eksklaavi umbes 49 000 migranti. <a rel=\"noopener nofollow\" target=\"_blank\" href=\"https:\/\/www.delfi.ee\/teema\/35097543\/madrid\" tag-id=\"35097543\">Madrid<\/a> nimetas toimunut hiljem Hispaania territoriaalse suver\u00e4\u00e4nsuse rikkumiseks.<\/p>\n<p>Kriis tekitas ka laiemaid poliitilisi tagaj\u00e4rgi Euroopas. <a rel=\"noopener nofollow\" target=\"_blank\" href=\"https:\/\/www.delfi.ee\/teema\/23101235\/itaalia\" tag-id=\"23101235\">Itaalia<\/a> \u00e4hvardas peatada Schengeni s\u00fcsteemi kehtivuse Hispaania jaoks ning Madridis ja mujal Euroopas tekitasid pahameelt migrantide tunnistused, et Maroko politsei \u00f5hutas migrante piiri \u00fcletama.<\/p>\n<p>Kuidas see lugu Sind end tundma pani?Saada<a href=\"https:\/\/www.delfi.ee\/artikkel\/120607232\/hispaania-peaminister-sanchez-desinformatsiooni-ceuta-randekriisi-kohta-levitasid-venemaa-ja-iisrael\/kommentaarid\" class=\"button button--primary button--size-auto article-body-bottom__comment article-body-bottom__comment--write\" style=\"\" rel=\"nofollow noopener\" target=\"_blank\">Kommenteeri<\/a><a href=\"https:\/\/www.delfi.ee\/artikkel\/120607232\/hispaania-peaminister-sanchez-desinformatsiooni-ceuta-randekriisi-kohta-levitasid-venemaa-ja-iisrael\/kommentaarid\" class=\"button button--size-auto article-body-bottom__comment article-body-bottom__comment--read\" style=\"\" rel=\"nofollow noopener\" target=\"_blank\">Loe kommentaare (12)<\/a><\/p>\n","protected":false},"excerpt":{"rendered":"S\u00e1nchez viitas Euroopa v\u00e4listeenistuse (EEAS) uuringule ja \u00fctles, et on ilmne, et m\u00f5lemad riigid kasutasid seda kriisi tema&hellip;\n","protected":false},"author":2,"featured_media":264739,"comment_status":"","ping_status":"","sticky":false,"template":"","format":"standard","meta":{"footnotes":"","_share_on_mastodon":"0"},"categories":[80],"tags":[1114,26,27,95423,37,33,35,34,36,112,31,32,620,21,110,619,109,1589,4376,28,29,95,6599,11852,108,19,1141,25,13346,23,24,262,22,20,96,30,92,93,94],"class_list":["post-264738","post","type-post","status-publish","format-standard","has-post-thumbnail","category-maailm","tag-aafrika","tag-breaking-news","tag-breakingnews","tag-ceuta","tag-ee","tag-eesti","tag-eesti-keel","tag-estonia","tag-estonian","tag-euroopa","tag-featured-news","tag-featurednews","tag-gaza","tag-headlines","tag-hispaania","tag-iisrael","tag-itaalia","tag-jeruusalemm","tag-lahis-ida","tag-latest-news","tag-latestnews","tag-maailm","tag-madrid","tag-maroko","tag-moskva","tag-news","tag-pedro-sanchez","tag-populaarseimad-lood","tag-schengeni-viisaruum","tag-top-stories","tag-topstories","tag-ukraina","tag-uldised-uudised","tag-uudised","tag-venemaa","tag-viimased-uudised","tag-world","tag-world-news","tag-worldnews"],"share_on_mastodon":{"url":"","error":"Validation failed: Text character limit of 500 exceeded"},"_links":{"self":[{"href":"https:\/\/www.europesays.com\/ee\/wp-json\/wp\/v2\/posts\/264738","targetHints":{"allow":["GET"]}}],"collection":[{"href":"https:\/\/www.europesays.com\/ee\/wp-json\/wp\/v2\/posts"}],"about":[{"href":"https:\/\/www.europesays.com\/ee\/wp-json\/wp\/v2\/types\/post"}],"author":[{"embeddable":true,"href":"https:\/\/www.europesays.com\/ee\/wp-json\/wp\/v2\/users\/2"}],"replies":[{"embeddable":true,"href":"https:\/\/www.europesays.com\/ee\/wp-json\/wp\/v2\/comments?post=264738"}],"version-history":[{"count":0,"href":"https:\/\/www.europesays.com\/ee\/wp-json\/wp\/v2\/posts\/264738\/revisions"}],"wp:featuredmedia":[{"embeddable":true,"href":"https:\/\/www.europesays.com\/ee\/wp-json\/wp\/v2\/media\/264739"}],"wp:attachment":[{"href":"https:\/\/www.europesays.com\/ee\/wp-json\/wp\/v2\/media?parent=264738"}],"wp:term":[{"taxonomy":"category","embeddable":true,"href":"https:\/\/www.europesays.com\/ee\/wp-json\/wp\/v2\/categories?post=264738"},{"taxonomy":"post_tag","embeddable":true,"href":"https:\/\/www.europesays.com\/ee\/wp-json\/wp\/v2\/tags?post=264738"}],"curies":[{"name":"wp","href":"https:\/\/api.w.org\/{rel}","templated":true}]}}