{"id":264762,"date":"2026-08-31T10:19:09","date_gmt":"2026-08-31T10:19:09","guid":{"rendered":"https:\/\/www.europesays.com\/ee\/264762\/"},"modified":"2026-08-31T10:19:09","modified_gmt":"2026-08-31T10:19:09","slug":"galerii-vaga-hirmus-on-ikkagi-uus-koht-uued-inimesed-enam-kui-2000-esmakursuslast-alustas-ulikooliteed-tartu-postimees","status":"publish","type":"post","link":"https:\/\/www.europesays.com\/ee\/264762\/","title":{"rendered":"GALERII \u00abV\u00e4ga hirmus on, ikkagi uus koht, uued inimesed!\u00bb Enam kui 2000 esmakursuslast alustas \u00fclikooliteed &#8211; Tartu Postimees"},"content":{"rendered":"<ol>\n<li><a href=\"https:\/\/news.google.com\/rss\/articles\/CBMi0wFBVV95cUxPLTQxblBiT0FDNXA5M3VacTlFVHJYSnN6WE5UY0QyS2R4c2hVUGhYZHJjeDlJVW11ZFRqTDZRaTh6cW5BeUFPV3k1X1FyWGo2YVRCc2dzSVczY1FTOG12OXNYdDZTYzlldGxsdnFIcHNwb2t6TDB6UGRoU1UyYWgzT1QtcWh5bExYdWZFWjczLXo2c3VZN0tJSnJNQnR5ZXlwYjFOOUFVMkJ0R2xmcTR6Q2taSW1uVG5EMFIza1Z4VmFZUEJaRTByM01MRlR2TC01VzA4?oc=5\" target=\"_blank\" rel=\"nofollow noopener\">GALERII \u00abV\u00e4ga hirmus on, ikkagi uus koht, uued inimesed!\u00bb Enam kui 2000 esmakursuslast alustas \u00fclikooliteed<\/a>&nbsp;&nbsp;Tartu Postimees<\/li>\n<li><a href=\"https:\/\/news.google.com\/rss\/articles\/CBMiY0FVX3lxTE0tM2wyY05VQ2ZWaWhyUzBTMW5pRHFWQ190U2NDYXV0YnNwamxoM09KbTJmQVRfZzRxcjBoU1k4ejhPTmpoVmx6U05ucWJMLVZUbHJ0QTlrUng5MXZkY1NlcGZvWQ?oc=5\" target=\"_blank\" rel=\"nofollow noopener\">Uue tudengi meelespea 2026<\/a>&nbsp;&nbsp;TalTech<\/li>\n<li><a href=\"https:\/\/news.google.com\/rss\/articles\/CBMiggFBVV95cUxNR2RpNXd6UThLa2ZTLXpncGNiel9VRkk1NXYyVU1EMWxTY2hYcTJ4dm1mUWJXYVBnNzd2SFVseUp4QWcyenhrTWVuNG0tMVllUlJBQVFlWXo0bWw4TnkxTnlRQzU3SHRhUEw4SzNwN1Q4NnJPWXpzNnNnYXhuR3Z2YzZR?oc=5\" target=\"_blank\" rel=\"nofollow noopener\">Vaata otse kl 10: akadeemiline aasta algab 31. augustil<\/a>&nbsp;&nbsp;Tartu \u00dclikool<\/li>\n<li><a href=\"https:\/\/news.google.com\/rss\/articles\/CBMisgFBVV95cUxQUHNyWUVfbkpzdWY1aVVoM3FZVlJMRHkzd0ZOOHpxb0VKRjlWa2xNLVE4VGhQRDBZRHNOcnVRYzhsRDB3YTFBTVVzRjNVZkNGUHNXQV80dW5YaGFwS0ZnbkZRamYtejlqVTNwWVMzdkNBekNXYkE0RHhjTDdfM0V3RDBPWGJtOHl4VDV3cVo1c2s2bjVHd0p0bnRaLWg0a2ZwdnZ5a0dsV3dwMXB4SWNFQWZB?oc=5\" target=\"_blank\" rel=\"nofollow noopener\">Rektor Tiit Land \u00f5ppeaasta avaaktusel: hoiame ka tehisaru ajal Eestit inimeste Eestina<\/a>&nbsp;&nbsp;TalTech<\/li>\n<li><a href=\"https:\/\/news.google.com\/rss\/articles\/CBMilgFBVV95cUxOWFdfNUdBVnJqNUhDVU9hVDFzaFNQWDFOcDFNTVNMeWp5azJSSlc2VWV2dUVOM3RMRWQ0M2xNNXg2aUFHZVphS2xvYURlVk5rdnpCVnlKMjI0OVFlUFJ4bXhlcFF4SVk2YXZhSDR0TUxjNms1ZHpQTDVvYTE2MVpTejRZRW9nbXo1cEdYWVgzeHVzSWhpa3c?oc=5\" target=\"_blank\" rel=\"nofollow noopener\">Tartu \u00dclikoolis alustab sel s\u00fcgisel \u00f5pinguid ligi 4500 \u00fcli\u00f5pilast<\/a>&nbsp;&nbsp;L\u00f5unaeestlane<\/li>\n<\/ol>\n","protected":false},"excerpt":{"rendered":"GALERII \u00abV\u00e4ga hirmus on, ikkagi uus koht, uued inimesed!\u00bb Enam kui 2000 esmakursuslast alustas \u00fclikooliteed&nbsp;&nbsp;Tartu Postimees Uue tudengi&hellip;\n","protected":false},"author":2,"featured_media":264763,"comment_status":"","ping_status":"","sticky":false,"template":"","format":"standard","meta":{"footnotes":"","_share_on_mastodon":"0"},"categories":[12],"tags":[102854,102855,102856,102853,26,27,37,33,35,4682,34,36,31,32,21,648,28,29,19,25,2424,814,14052,23,24,22,3515,20,30],"class_list":["post-264762","post","type-post","status-publish","format-standard","has-post-thumbnail","category-eesti","tag-akadeemiline-oppeaasta","tag-andrei-mihhaidarov","tag-annabell-apri","tag-avaaktus","tag-breaking-news","tag-breakingnews","tag-ee","tag-eesti","tag-eesti-keel","tag-esmakursuslased","tag-estonia","tag-estonian","tag-featured-news","tag-featurednews","tag-headlines","tag-kristina-kallas","tag-latest-news","tag-latestnews","tag-news","tag-populaarseimad-lood","tag-tartu-ulikool","tag-tehisaru","tag-toomas-asser","tag-top-stories","tag-topstories","tag-uldised-uudised","tag-urmas-klaas","tag-uudised","tag-viimased-uudised"],"share_on_mastodon":{"url":"","error":"Validation failed: Text character limit of 500 exceeded"},"_links":{"self":[{"href":"https:\/\/www.europesays.com\/ee\/wp-json\/wp\/v2\/posts\/264762","targetHints":{"allow":["GET"]}}],"collection":[{"href":"https:\/\/www.europesays.com\/ee\/wp-json\/wp\/v2\/posts"}],"about":[{"href":"https:\/\/www.europesays.com\/ee\/wp-json\/wp\/v2\/types\/post"}],"author":[{"embeddable":true,"href":"https:\/\/www.europesays.com\/ee\/wp-json\/wp\/v2\/users\/2"}],"replies":[{"embeddable":true,"href":"https:\/\/www.europesays.com\/ee\/wp-json\/wp\/v2\/comments?post=264762"}],"version-history":[{"count":0,"href":"https:\/\/www.europesays.com\/ee\/wp-json\/wp\/v2\/posts\/264762\/revisions"}],"wp:featuredmedia":[{"embeddable":true,"href":"https:\/\/www.europesays.com\/ee\/wp-json\/wp\/v2\/media\/264763"}],"wp:attachment":[{"href":"https:\/\/www.europesays.com\/ee\/wp-json\/wp\/v2\/media?parent=264762"}],"wp:term":[{"taxonomy":"category","embeddable":true,"href":"https:\/\/www.europesays.com\/ee\/wp-json\/wp\/v2\/categories?post=264762"},{"taxonomy":"post_tag","embeddable":true,"href":"https:\/\/www.europesays.com\/ee\/wp-json\/wp\/v2\/tags?post=264762"}],"curies":[{"name":"wp","href":"https:\/\/api.w.org\/{rel}","templated":true}]}}