{"id":264764,"date":"2026-08-31T10:20:13","date_gmt":"2026-08-31T10:20:13","guid":{"rendered":"https:\/\/www.europesays.com\/ee\/264764\/"},"modified":"2026-08-31T10:20:13","modified_gmt":"2026-08-31T10:20:13","slug":"paev-enne-kooli-algust-on-575-pohikoolilopetajat-veel-tallinnas-koolikohata-eesti-2","status":"publish","type":"post","link":"https:\/\/www.europesays.com\/ee\/264764\/","title":{"rendered":"P\u00e4ev enne kooli algust on 575 p\u00f5hikoolil\u00f5petajat veel Tallinnas koolikohata | Eesti"},"content":{"rendered":"<p>Esmasp\u00e4eva seisuga on Tallinnas 575 kevadel p\u00f5hikooli l\u00f5petanud noort, kellel ei ole veel Eesti hariduse infos\u00fcsteemi kantud uut koolikohta. Nimekirjad on aga j\u00e4tkuvalt pidevas muutumises, sest osa noori l\u00fckkab pakutud koolikohad tagasi, misj\u00e4rel pakutakse neid kohti j\u00e4rgmistele.<\/p>\n<p>Eriti pingeline on olukord pealinnas. &#8220;Vabade kohtadega Tallinnas v\u00e4ga h\u00e4sti just ei ole,&#8221; t\u00f5des Tallinna haridusameti hariduskorralduse juht Krista Keedus. &#8220;Eestikeelsed g\u00fcmnaasiumid on oma vastuv\u00f5tu teinud ja kohad ka k\u00f5ik t\u00e4is saanud,&#8221; lisas ta.<\/p>\n<p>Tallinna munitsipaalg\u00fcmnaasiumides ei ole Keeduse s\u00f5nul praegu suutlikkust kohti juurde teha, sest on nii ruumi- kui ka \u00f5petajapuudus.<\/p>\n<p>&#8220;Kohe esimese hooga sellist g\u00fcmnaasiumikohtade juurde tekitamist plaanis ei ole,&#8221; m\u00e4rkis hariduskorralduse juht, viidates vajadusele \u00e4ra oodata 10. septembri l\u00f5plikud andmed vajaduste ja vabade kohtade kohta.<\/p>\n<p>Olulist rolli koolikohtade t\u00e4itumisel m\u00e4ngib ka naabervaldade elanike sissevool, sest uueks \u00f5ppeaastaks Tallinna k\u00fcmnendatesse klassidesse vastu v\u00f5etud \u00f5pilastest ligi 27 protsenti ei ole pealinna elanikud.<\/p>\n<p>Kuigi g\u00fcmnaasiumikohad on pealinnas t\u00e4is, leidub veel vabu \u00f5ppekohti n\u00e4iteks Tallinna rakenduslikus kolled\u017eis ja tehnoloogiakolled\u017eis Tehno Tallinn. Keedus soovitas ilma kohata j\u00e4\u00e4nud noortel vaadata kutsehariduse poole: &#8220;Meie kutseharidus ei ole ainult kutseharidus, vaid ta on ka kutsekeskharidus.&#8221; &#8220;V\u00f5iks v\u00e4hemalt proovida alguses seal \u00f5piteed j\u00e4tkata ja kui ikka ei sobi, siis g\u00fcmnaasiumikohta edasi vaadata,&#8221; julgustas ta.<\/p>\n<p>N\u00f5rgemate l\u00f5putulemustega noortele m\u00f5eldud ettevalmistava \u00f5ppe kohad t\u00e4itusid samuti juba suvel. Praegu arutatakse koost\u00f6\u00f6s haridus- ja teadusministeeriumiga nende kohtade vajadusp\u00f5hist juurdeloomist.<\/p>\n<p>L\u00f5plik t\u00e4htaeg kohalikel omavalitsustel abivajajatele lahenduste pakkumiseks on 1. november, kuid noortega \u00fcritatakse \u00fchendust saada juba praegu, et m\u00f5ista nende koolikohata j\u00e4\u00e4mise p\u00f5hjuseid.<\/p>\n<p>&#8220;Kurb on see muidugi, kui n\u00fc\u00fcd noored ei saanud 1. septembriks endale koolikohta ja ei saa siis oma \u00f5ppeaastat alustada,&#8221; nentis Keedus. &#8220;See ei t\u00e4henda, et alustamine ei oleks v\u00f5imalik siin m\u00f5ned p\u00e4evad v\u00f5i ikka n\u00e4dalad hiljem. Kindlasti ei ole sellega n\u00fc\u00fcd \u00f5ppimisv\u00f5imalused nii-\u00f6elda lukus,&#8221; lisas Keedus.<\/p>\n<p>Keedus t\u00f5i v\u00e4lja, et ka eelnevatel aastatel on p\u00f5hikooliga oma haridustee l\u00f5petanud noorte hulk olnud sama v\u00f5i veidi v\u00e4iksem, kuigi nende seire oli enne \u00f5pikohustuse tekkimist puudulik.<\/p>\n<p>&#8220;Ministeerium on igal aastal seiranud, kui palju on noori, kes j\u00e4rgmisele haridustasandile ei j\u00f5uagi, ja neid on olnud pigem kuskil 400\u2013500,&#8221; s\u00f5nas Keedus.<\/p>\n<p>&#8220;Varem ei ole see olnud juriidiline probleem. K\u00fcll on see olnud probleem noortele ja Eesti riigile tervikuna, sest haridusteed j\u00e4tkanutel on paremad v\u00f5imalused elus hakkama saada \u2013 seet\u00f5ttu kehtestati ka \u00f5pikohustus. Seni ei ole see otseselt laual olnud, sest noortel oligi vaba voli minna n\u00e4iteks t\u00f6\u00f6le, mist\u00f5ttu me sellist jooksvat \u00f5ppeaasta alguse seiret varem ei teinud,&#8221; lausus Keedus.<\/p>\n","protected":false},"excerpt":{"rendered":"Esmasp\u00e4eva seisuga on Tallinnas 575 kevadel p\u00f5hikooli l\u00f5petanud noort, kellel ei ole veel Eesti hariduse infos\u00fcsteemi kantud uut&hellip;\n","protected":false},"author":2,"featured_media":264765,"comment_status":"","ping_status":"","sticky":false,"template":"","format":"standard","meta":{"footnotes":"","_share_on_mastodon":"0"},"categories":[5],"tags":[26,27,37,33,35,34,36,31,32,10690,21,412,23441,100027,28,29,19,4435,91298,25,23,24,22,20,30],"class_list":["post-264764","post","type-post","status-publish","format-standard","has-post-thumbnail","category-uldised-uudised","tag-breaking-news","tag-breakingnews","tag-ee","tag-eesti","tag-eesti-keel","tag-estonia","tag-estonian","tag-featured-news","tag-featurednews","tag-gumnaasiumid","tag-headlines","tag-koolikohad","tag-kutsekool","tag-kutsekooli-sisseastumine","tag-latest-news","tag-latestnews","tag-news","tag-pohikool","tag-pohikoolilopetajad","tag-populaarseimad-lood","tag-top-stories","tag-topstories","tag-uldised-uudised","tag-uudised","tag-viimased-uudised"],"share_on_mastodon":{"url":"https:\/\/pubeurope.com\/@ee\/117189622253300907","error":""},"_links":{"self":[{"href":"https:\/\/www.europesays.com\/ee\/wp-json\/wp\/v2\/posts\/264764","targetHints":{"allow":["GET"]}}],"collection":[{"href":"https:\/\/www.europesays.com\/ee\/wp-json\/wp\/v2\/posts"}],"about":[{"href":"https:\/\/www.europesays.com\/ee\/wp-json\/wp\/v2\/types\/post"}],"author":[{"embeddable":true,"href":"https:\/\/www.europesays.com\/ee\/wp-json\/wp\/v2\/users\/2"}],"replies":[{"embeddable":true,"href":"https:\/\/www.europesays.com\/ee\/wp-json\/wp\/v2\/comments?post=264764"}],"version-history":[{"count":0,"href":"https:\/\/www.europesays.com\/ee\/wp-json\/wp\/v2\/posts\/264764\/revisions"}],"wp:featuredmedia":[{"embeddable":true,"href":"https:\/\/www.europesays.com\/ee\/wp-json\/wp\/v2\/media\/264765"}],"wp:attachment":[{"href":"https:\/\/www.europesays.com\/ee\/wp-json\/wp\/v2\/media?parent=264764"}],"wp:term":[{"taxonomy":"category","embeddable":true,"href":"https:\/\/www.europesays.com\/ee\/wp-json\/wp\/v2\/categories?post=264764"},{"taxonomy":"post_tag","embeddable":true,"href":"https:\/\/www.europesays.com\/ee\/wp-json\/wp\/v2\/tags?post=264764"}],"curies":[{"name":"wp","href":"https:\/\/api.w.org\/{rel}","templated":true}]}}