{"id":264768,"date":"2026-08-31T10:28:13","date_gmt":"2026-08-31T10:28:13","guid":{"rendered":"https:\/\/www.europesays.com\/ee\/264768\/"},"modified":"2026-08-31T10:28:13","modified_gmt":"2026-08-31T10:28:13","slug":"galerii-%e2%9f%a9-furgneri-uus-sisustussalong-uhendab-eesti-disaini-ja-hispaania-sisustusstiili","status":"publish","type":"post","link":"https:\/\/www.europesays.com\/ee\/264768\/","title":{"rendered":"GALERII \u27e9 Furgneri uus sisustussalong \u00fchendab Eesti disaini ja Hispaania sisustusstiili"},"content":{"rendered":"<p class=\"xisselectedend\">Furgner t\u00e4histas koos s\u00f5prade ja koost\u00f6\u00f6partneritega peagi avatava uue sisustussalongi ning Eesti esimese Kave Home shop in shopi valmimist.<\/p>\n<p class=\"MsoNormal\">Moodne 550 ruutmeetrine kaubanduspind on ehitatud ja viimistletud spetsiaalselt Furgneri vajadusi silmas pidades. Interj\u00f6\u00f6ri autor on sisekujundaja Silvia Torn (Silen Stuudio), kes on loonud tervikliku ja inspireeriva keskkonna, kus m\u00f6\u00f6bli ja sisustustoodetega saab tutvuda erinevateks eluruumideks kujundatud aladel, et tekiks parem ettekujutus, kuidas need p\u00e4ris koduses interj\u00f6\u00f6ris kokku sobituvad.<\/p>\n<p class=\"MsoNormal\">\u00abUue salongi jaoks sobiva pinna leidmine v\u00f5ttis meil p\u00e4ris kaua aega. Soovisime j\u00e4\u00e4da kesklinnale l\u00e4hedale, kuid nii suure kaubanduspinna leidmine, kuhu oleks kliendil mugav tulla ja kus oleks ka parkimisv\u00f5imalus, osutus keeruliseks. Vesipapi 8 t\u00e4itis l\u00f5puks k\u00f5ik meie jaoks olulised kriteeriumid ning andis meile v\u00f5imaluse kujundada salong algusest peale t\u00e4pselt meie n\u00e4gu. Tahtsime luua sisustussalongi, kus klientidel on hea olla, et nad saaksid toodetest parema ettekujutuse, erinevaid tooteid ja materjale proovida, katsuda ning ammutada inspiratsiooni kogu oma kodu sisustamiseks. Uus salong v\u00f5imaldab meil l\u00f5puks n\u00e4idata oma valikut nii, nagu oleme seda pikalt ette kujutanud,\u00bb r\u00e4\u00e4kis Furgneri tegevjuht Sven Purru.<\/p>\n<p class=\"MsoNormal\">Salongi esimesel korrusel asub Eesti esimene Kave Home shop-in-shop, kus saab tutvuda Hispaania sisustusbr\u00e4ndi m\u00f6\u00f6bli ja sisustustoodetega. Lisaks leiab esimeselt korruselt Furgneri elu-ja s\u00f6\u00f6gitoa valiku: diivanid, tugitoolid, s\u00f6\u00f6gilauad, toolid, valgustid ning sisustusdetailid.<\/p>\n<p class=\"MsoNormal\">Olulisel kohal on Furgneri kodumaised eritellimusel valmivad diivanid, mille valik on uue salongi avamise puhul veelgi t\u00e4ienenud. Klient saab valida sobiva mudeli, m\u00f5\u00f5dud ja kanga ning kujundada just oma koju sobiva diivani.<\/p>\n<p class=\"MsoNormal\">Teisele korrusele on loodud hubane magamistoa ala, kus saab tutvuda voodite, \u00f6\u00f6kappide ja teiste sisustuslahendustega.<\/p>\n<p class=\"MsoNormal\">Koos uue salongiga laieneb ka Furgneri br\u00e4ndivalik. Uute kaubam\u00e4rkidena on lisandunud SomCasa ja Kodu Home Design ning valgustid on t\u00e4ienenud Globen Lightingi ja Marksl\u00f6jdi toodetega.<\/p>\n","protected":false},"excerpt":{"rendered":"Furgner t\u00e4histas koos s\u00f5prade ja koost\u00f6\u00f6partneritega peagi avatava uue sisustussalongi ning Eesti esimese Kave Home shop in shopi&hellip;\n","protected":false},"author":2,"featured_media":264769,"comment_status":"","ping_status":"","sticky":false,"template":"","format":"standard","meta":{"footnotes":"","_share_on_mastodon":"0"},"categories":[14],"tags":[131,130,37,33,35,102859,34,36,102858,102860,102861,102857],"class_list":["post-264768","post","type-post","status-publish","format-standard","has-post-thumbnail","category-ari","tag-ari","tag-business","tag-ee","tag-eesti","tag-eesti-keel","tag-eritellimusel-diivanid","tag-estonia","tag-estonian","tag-furgner","tag-magamistoamoobel","tag-sisustusbrandid","tag-sisustussalong"],"share_on_mastodon":{"url":"https:\/\/pubeurope.com\/@ee\/117189653516099229","error":""},"_links":{"self":[{"href":"https:\/\/www.europesays.com\/ee\/wp-json\/wp\/v2\/posts\/264768","targetHints":{"allow":["GET"]}}],"collection":[{"href":"https:\/\/www.europesays.com\/ee\/wp-json\/wp\/v2\/posts"}],"about":[{"href":"https:\/\/www.europesays.com\/ee\/wp-json\/wp\/v2\/types\/post"}],"author":[{"embeddable":true,"href":"https:\/\/www.europesays.com\/ee\/wp-json\/wp\/v2\/users\/2"}],"replies":[{"embeddable":true,"href":"https:\/\/www.europesays.com\/ee\/wp-json\/wp\/v2\/comments?post=264768"}],"version-history":[{"count":0,"href":"https:\/\/www.europesays.com\/ee\/wp-json\/wp\/v2\/posts\/264768\/revisions"}],"wp:featuredmedia":[{"embeddable":true,"href":"https:\/\/www.europesays.com\/ee\/wp-json\/wp\/v2\/media\/264769"}],"wp:attachment":[{"href":"https:\/\/www.europesays.com\/ee\/wp-json\/wp\/v2\/media?parent=264768"}],"wp:term":[{"taxonomy":"category","embeddable":true,"href":"https:\/\/www.europesays.com\/ee\/wp-json\/wp\/v2\/categories?post=264768"},{"taxonomy":"post_tag","embeddable":true,"href":"https:\/\/www.europesays.com\/ee\/wp-json\/wp\/v2\/tags?post=264768"}],"curies":[{"name":"wp","href":"https:\/\/api.w.org\/{rel}","templated":true}]}}