{"id":264776,"date":"2026-08-31T10:39:12","date_gmt":"2026-08-31T10:39:12","guid":{"rendered":"https:\/\/www.europesays.com\/ee\/264776\/"},"modified":"2026-08-31T10:39:12","modified_gmt":"2026-08-31T10:39:12","slug":"appleis-loppeb-homme-tim-cooki-15-aastat-kestnud-ajastu","status":"publish","type":"post","link":"https:\/\/www.europesays.com\/ee\/264776\/","title":{"rendered":"Apple\u2019is l\u00f5ppeb homme Tim Cooki 15 aastat kestnud ajastu"},"content":{"rendered":"<p>Ternus t\u00f6\u00f6tab Apple\u2019is alates 2001. aastast ning on juhtinud riistvara arendamist k\u00f5igis ettev\u00f5tte peamistes tootekategooriates, sealhulgas <a rel=\"noopener nofollow\" target=\"_blank\" href=\"https:\/\/www.delfi.ee\/teema\/1212\/iphone\" tag-id=\"1212\">iPhone<\/a>\u2019i, Maci, iPadi ja Apple Watchi puhul. Apple\u2019i juhtkonda kuulub ta 2021. aastast. Ettev\u00f5te teatas juhivahetusest aprillis.<\/p>\n<p>Tim Cook sai Apple\u2019i tegevjuhiks 2011. aastal Steve Jobsi j\u00e4rel. Tema juhtimisel kasvas ettev\u00f5tte turuv\u00e4\u00e4rtus ligikaudu 350 miljardilt dollarilt praeguseks umbes 4,7 triljoni dollarini ning aastak\u00e4ive peaaegu neljakordistus. Cooki ametiajal t\u00f5i Apple turule muu hulgas Apple Watchi ja AirPodsid ning kasvatas teenuste valdkonna enam kui 100 miljardi dollari suuruse aastak\u00e4ibega \u00e4riks. <\/p>\n<p>Cook ettev\u00f5ttest ei lahku, vaid j\u00e4tkab Apple\u2019i n\u00f5ukogu esimehena ning hakkab muu hulgas tegelema suhetega maailma poliitikakujundajatega.<\/p>\n<p>Ternus v\u00f5tab ettev\u00f5tte juhtimise \u00fcle ajal, mil Apple p\u00fc\u00fcab konkurentidele j\u00e4rele j\u00f5uda <a rel=\"noopener nofollow\" target=\"_blank\" href=\"https:\/\/www.delfi.ee\/teema\/96849792\/tehisintellekt-1\" tag-id=\"96849792\">tehisintellekti<\/a> arendamises ning v\u00e4hendada tootmise s\u00f5ltuvust <a rel=\"noopener nofollow\" target=\"_blank\" href=\"https:\/\/www.delfi.ee\/teema\/1165\/hiina\" tag-id=\"1165\">Hiinast<\/a>. Esimene suur proovikivi ootab uut juhti juba 9. septembril, mil Apple korraldab oma iga-aastase iPhone\u2019ide esitlus\u00fcrituse.<\/p>\n<p>Kuidas see lugu Sind end tundma pani?Saada<a href=\"https:\/\/arileht.delfi.ee\/a\/120607168\/apple-is-loppeb-homme-tim-cooki-15-aastat-kestnud-ajastu\/kommentaarid\" class=\"button button--primary button--size-auto article-body-bottom__comment article-body-bottom__comment--write\" style=\"\" rel=\"nofollow noopener\" target=\"_blank\">Kommenteeri<\/a><a href=\"https:\/\/arileht.delfi.ee\/a\/120607168\/apple-is-loppeb-homme-tim-cooki-15-aastat-kestnud-ajastu\/kommentaarid\" class=\"button button--size-auto article-body-bottom__comment article-body-bottom__comment--read\" style=\"\" rel=\"nofollow noopener\" target=\"_blank\">Loe kommentaare (4)<\/a><\/p>\n","protected":false},"excerpt":{"rendered":"Ternus t\u00f6\u00f6tab Apple\u2019is alates 2001. aastast ning on juhtinud riistvara arendamist k\u00f5igis ettev\u00f5tte peamistes tootekategooriates, sealhulgas iPhone\u2019i, Maci,&hellip;\n","protected":false},"author":2,"featured_media":264777,"comment_status":"","ping_status":"","sticky":false,"template":"","format":"standard","meta":{"footnotes":"","_share_on_mastodon":"0"},"categories":[14],"tags":[3312,131,130,37,33,35,34,36,326,3133,373,26243],"class_list":["post-264776","post","type-post","status-publish","format-standard","has-post-thumbnail","category-ari","tag-apple","tag-ari","tag-business","tag-ee","tag-eesti","tag-eesti-keel","tag-estonia","tag-estonian","tag-hiina","tag-iphone","tag-tehisintellekt","tag-tim-cook"],"share_on_mastodon":{"url":"https:\/\/pubeurope.com\/@ee\/117189696717172383","error":""},"_links":{"self":[{"href":"https:\/\/www.europesays.com\/ee\/wp-json\/wp\/v2\/posts\/264776","targetHints":{"allow":["GET"]}}],"collection":[{"href":"https:\/\/www.europesays.com\/ee\/wp-json\/wp\/v2\/posts"}],"about":[{"href":"https:\/\/www.europesays.com\/ee\/wp-json\/wp\/v2\/types\/post"}],"author":[{"embeddable":true,"href":"https:\/\/www.europesays.com\/ee\/wp-json\/wp\/v2\/users\/2"}],"replies":[{"embeddable":true,"href":"https:\/\/www.europesays.com\/ee\/wp-json\/wp\/v2\/comments?post=264776"}],"version-history":[{"count":0,"href":"https:\/\/www.europesays.com\/ee\/wp-json\/wp\/v2\/posts\/264776\/revisions"}],"wp:featuredmedia":[{"embeddable":true,"href":"https:\/\/www.europesays.com\/ee\/wp-json\/wp\/v2\/media\/264777"}],"wp:attachment":[{"href":"https:\/\/www.europesays.com\/ee\/wp-json\/wp\/v2\/media?parent=264776"}],"wp:term":[{"taxonomy":"category","embeddable":true,"href":"https:\/\/www.europesays.com\/ee\/wp-json\/wp\/v2\/categories?post=264776"},{"taxonomy":"post_tag","embeddable":true,"href":"https:\/\/www.europesays.com\/ee\/wp-json\/wp\/v2\/tags?post=264776"}],"curies":[{"name":"wp","href":"https:\/\/api.w.org\/{rel}","templated":true}]}}