{"id":264784,"date":"2026-08-31T10:50:40","date_gmt":"2026-08-31T10:50:40","guid":{"rendered":"https:\/\/www.europesays.com\/ee\/264784\/"},"modified":"2026-08-31T10:50:40","modified_gmt":"2026-08-31T10:50:40","slug":"musteerium-oksjonil-kas-enefit-on-rumal-voi-ei-tahtnudki-nad-raha-saada","status":"publish","type":"post","link":"https:\/\/www.europesays.com\/ee\/264784\/","title":{"rendered":"M\u00fcsteerium oksjonil. Kas Enefit on rumal v\u00f5i ei tahtnudki nad raha saada?"},"content":{"rendered":"<p><img decoding=\"async\" src=\"https:\/\/www.europesays.com\/ee\/wp-content\/uploads\/2026\/08\/1788173440_670_693f626a-9984-4855-a9a9-3dd60f7c56c0.jpg\" loading=\"lazy\" alt=\"Enefiti juhid on andnud m\u00f5ista, et ega nad tegelikult uusi tuulikuid v\u00e4ga ehitada tahagi. Pigem keskendutakse olemasolevate parkide h\u00fcbriidparkideks ehitamisele. \u00dcks selline avati suve alguses Purtses (pildil).\"\/><\/p>\n<p>Enefiti juhid on andnud m\u00f5ista, et ega nad tegelikult uusi tuulikuid v\u00e4ga ehitada tahagi. Pigem keskendutakse olemasolevate parkide h\u00fcbriidparkideks ehitamisele. \u00dcks selline avati suve alguses Purtses (pildil).<\/p>\n<p>FOTO: Argo Ingver| Delfi Meedia<\/p>\n<p>Riigi ajaloo suurimalt taastuvenergia v\u00e4hempakkumiselt j\u00e4\u00e4b eelduslikult t\u00fchjade k\u00e4tega \u00fcksainus pakkuja, riigile kuuluv <a rel=\"noopener nofollow\" target=\"_blank\" href=\"https:\/\/www.delfi.ee\/teema\/88902065\/enefit\" tag-id=\"88902065\">Enefit<\/a>. Seejuures astus riigifirma \u00e4mbrisse, mida osavamad pakkujad oskasid ja teadsid v\u00e4ltida.<\/p>\n","protected":false},"excerpt":{"rendered":"Enefiti juhid on andnud m\u00f5ista, et ega nad tegelikult uusi tuulikuid v\u00e4ga ehitada tahagi. Pigem keskendutakse olemasolevate parkide&hellip;\n","protected":false},"author":2,"featured_media":264785,"comment_status":"","ping_status":"","sticky":false,"template":"","format":"standard","meta":{"footnotes":"","_share_on_mastodon":"0"},"categories":[14],"tags":[131,130,37,33,35,7039,34,36,31214,9558,56458,3082],"class_list":["post-264784","post","type-post","status-publish","format-standard","has-post-thumbnail","category-ari","tag-ari","tag-business","tag-ee","tag-eesti","tag-eesti-keel","tag-enefit","tag-estonia","tag-estonian","tag-evecon","tag-sunly","tag-taastuvenergia-vahempakkumine","tag-tuuleenergia"],"share_on_mastodon":{"url":"https:\/\/pubeurope.com\/@ee\/117189740706476886","error":""},"_links":{"self":[{"href":"https:\/\/www.europesays.com\/ee\/wp-json\/wp\/v2\/posts\/264784","targetHints":{"allow":["GET"]}}],"collection":[{"href":"https:\/\/www.europesays.com\/ee\/wp-json\/wp\/v2\/posts"}],"about":[{"href":"https:\/\/www.europesays.com\/ee\/wp-json\/wp\/v2\/types\/post"}],"author":[{"embeddable":true,"href":"https:\/\/www.europesays.com\/ee\/wp-json\/wp\/v2\/users\/2"}],"replies":[{"embeddable":true,"href":"https:\/\/www.europesays.com\/ee\/wp-json\/wp\/v2\/comments?post=264784"}],"version-history":[{"count":0,"href":"https:\/\/www.europesays.com\/ee\/wp-json\/wp\/v2\/posts\/264784\/revisions"}],"wp:featuredmedia":[{"embeddable":true,"href":"https:\/\/www.europesays.com\/ee\/wp-json\/wp\/v2\/media\/264785"}],"wp:attachment":[{"href":"https:\/\/www.europesays.com\/ee\/wp-json\/wp\/v2\/media?parent=264784"}],"wp:term":[{"taxonomy":"category","embeddable":true,"href":"https:\/\/www.europesays.com\/ee\/wp-json\/wp\/v2\/categories?post=264784"},{"taxonomy":"post_tag","embeddable":true,"href":"https:\/\/www.europesays.com\/ee\/wp-json\/wp\/v2\/tags?post=264784"}],"curies":[{"name":"wp","href":"https:\/\/api.w.org\/{rel}","templated":true}]}}