{"id":264788,"date":"2026-08-31T10:53:41","date_gmt":"2026-08-31T10:53:41","guid":{"rendered":"https:\/\/www.europesays.com\/ee\/264788\/"},"modified":"2026-08-31T10:53:41","modified_gmt":"2026-08-31T10:53:41","slug":"fotod-muinastulede-oo-uritus-meelitas-ingliranda-suure-rahvahulga-ohtule-pani-punkti-smilers","status":"publish","type":"post","link":"https:\/\/www.europesays.com\/ee\/264788\/","title":{"rendered":"FOTOD | Muinastulede \u00f6\u00f6 \u00fcritus meelitas Ingliranda suure rahvahulga. \u00d5htule pani punkti Smilers"},"content":{"rendered":"<p>Inglirannas austati t\u00e4na, 29. augusti \u00f5htul kell 20.30 s\u00fc\u00fcdatud l\u00f5kkega esiisade traditsioone ja tuletati meelde sidet mere ja loodusega. Muinastulede \u00f6\u00f6 on mere \u00e4\u00e4res p\u00e4ikeseloojangul l\u00f5kete s\u00fc\u00fctamise tava, mille traditsioon sai alguse juba 1992. aastal Eesti ja Soome rannikul. Hiljem tulid aktsiooniga kaasa ka teised L\u00e4\u00e4nemere maad. <\/p>\n<p>Sel aastal k\u00fcttis Ingliranna eriti kuumaks kell 19 lavale astunud Wiiralt, kelle loomingu kohta on rahvasuu \u00f6elnud, et see k\u00f5lab nagu <a rel=\"noopener nofollow\" target=\"_blank\" href=\"https:\/\/www.delfi.ee\/teema\/55596202\/jaan-elgula\" tag-id=\"55596202\">Jaan Elgula<\/a> ja <a rel=\"noopener nofollow\" target=\"_blank\" href=\"https:\/\/www.delfi.ee\/teema\/1112\/gunnar-graps\" tag-id=\"1112\">Gunnar Graps<\/a> oleks saanud lapse ning selle ristteel h\u00fcljanud. Seej\u00e4rel s\u00fc\u00fcdati kell 20.30 pidulikult l\u00f5ke. Kohe p\u00e4rast seda astus kell 20.35 lavale \u00f5htu peaesineja, Eesti muusika legend Smilers, kes kostitas publikut m\u00f5nusate rokilugude, lahedate tekstide ning Hendrik Sal-Salleri k\u00e4heda h\u00e4\u00e4lega.<\/p>\n<p><a href=\"https:\/\/kroonika.delfi.ee\/artikkel\/120606990\/otsefotod-muinastulede-oo-uritus-on-meelitanud-ingliranda-suure-rahvahulga-meeleolu-loovad-wiiralt-ja-smilers\/kommentaarid\" class=\"button button--primary button--size-auto article-body-bottom__comment article-body-bottom__comment--write\" style=\"\" rel=\"nofollow noopener\" target=\"_blank\">Kommenteeri<\/a><a href=\"https:\/\/kroonika.delfi.ee\/artikkel\/120606990\/otsefotod-muinastulede-oo-uritus-on-meelitanud-ingliranda-suure-rahvahulga-meeleolu-loovad-wiiralt-ja-smilers\/kommentaarid\" class=\"button button--size-auto article-body-bottom__comment article-body-bottom__comment--read\" style=\"\" rel=\"nofollow noopener\" target=\"_blank\">Loe kommentaare (90)<\/a><\/p>\n","protected":false},"excerpt":{"rendered":"Inglirannas austati t\u00e4na, 29. augusti \u00f5htul kell 20.30 s\u00fc\u00fcdatud l\u00f5kkega esiisade traditsioone ja tuletati meelde sidet mere ja&hellip;\n","protected":false},"author":2,"featured_media":264789,"comment_status":"","ping_status":"","sticky":false,"template":"","format":"standard","meta":{"footnotes":"","_share_on_mastodon":"0"},"categories":[5],"tags":[26,27,37,33,35,34,36,31,32,8584,21,16055,28,29,19,25,28105,23,24,22,20,30,102863],"class_list":["post-264788","post","type-post","status-publish","format-standard","has-post-thumbnail","category-uldised-uudised","tag-breaking-news","tag-breakingnews","tag-ee","tag-eesti","tag-eesti-keel","tag-estonia","tag-estonian","tag-featured-news","tag-featurednews","tag-gunnar-graps","tag-headlines","tag-jaan-elgula","tag-latest-news","tag-latestnews","tag-news","tag-populaarseimad-lood","tag-smilers","tag-top-stories","tag-topstories","tag-uldised-uudised","tag-uudised","tag-viimased-uudised","tag-wiiralt"],"share_on_mastodon":{"url":"https:\/\/pubeurope.com\/@ee\/117189752070281125","error":""},"_links":{"self":[{"href":"https:\/\/www.europesays.com\/ee\/wp-json\/wp\/v2\/posts\/264788","targetHints":{"allow":["GET"]}}],"collection":[{"href":"https:\/\/www.europesays.com\/ee\/wp-json\/wp\/v2\/posts"}],"about":[{"href":"https:\/\/www.europesays.com\/ee\/wp-json\/wp\/v2\/types\/post"}],"author":[{"embeddable":true,"href":"https:\/\/www.europesays.com\/ee\/wp-json\/wp\/v2\/users\/2"}],"replies":[{"embeddable":true,"href":"https:\/\/www.europesays.com\/ee\/wp-json\/wp\/v2\/comments?post=264788"}],"version-history":[{"count":0,"href":"https:\/\/www.europesays.com\/ee\/wp-json\/wp\/v2\/posts\/264788\/revisions"}],"wp:featuredmedia":[{"embeddable":true,"href":"https:\/\/www.europesays.com\/ee\/wp-json\/wp\/v2\/media\/264789"}],"wp:attachment":[{"href":"https:\/\/www.europesays.com\/ee\/wp-json\/wp\/v2\/media?parent=264788"}],"wp:term":[{"taxonomy":"category","embeddable":true,"href":"https:\/\/www.europesays.com\/ee\/wp-json\/wp\/v2\/categories?post=264788"},{"taxonomy":"post_tag","embeddable":true,"href":"https:\/\/www.europesays.com\/ee\/wp-json\/wp\/v2\/tags?post=264788"}],"curies":[{"name":"wp","href":"https:\/\/api.w.org\/{rel}","templated":true}]}}