{"id":264794,"date":"2026-08-31T11:02:06","date_gmt":"2026-08-31T11:02:06","guid":{"rendered":"https:\/\/www.europesays.com\/ee\/264794\/"},"modified":"2026-08-31T11:02:06","modified_gmt":"2026-08-31T11:02:06","slug":"stubbi-sonul-ei-luba-hiina-venemaal-tuumarelvi-kasutada-valismaa","status":"publish","type":"post","link":"https:\/\/www.europesays.com\/ee\/264794\/","title":{"rendered":"Stubbi s\u00f5nul ei luba Hiina Venemaal tuumarelvi kasutada | V\u00e4lismaa"},"content":{"rendered":"<p>Soome president Alexander Stubb \u00fctles intervjuus meediakontserni Axel Springer ajakirjanikule, et Hiina ei luba Venemaal kasutada Ukraina s\u00f5jas tuumarelvi. Stubbi hinnangul kujutab Hiina seisukoht endast olulist heidutust, kuna Peking on Venemaa \u00fcks t\u00e4htsamaid majandus- ja diplomaatilisi partnereid.<\/p>\n<p>&#8220;Mul k\u00e4is sel suvel k\u00fclas Hiina v\u00e4lisminister ja ma t\u00f5statasin selle teema. Ta \u00fctles, et nad ei luba sellel kunagi juhtuda. Minu arvates on see \u00fcsna t\u00f5hus heidutus,&#8221; \u00fctles Stubb.\u00a0<\/p>\n<p>Hiina v\u00e4lisminister Wang Yi kohtus Stubbiga Helsingis 5. juulil. K\u00f5ne all olid muu hulgas Venemaa t\u00e4iemahuline sissetung Ukrainasse ja Euroopa julgeolek.<\/p>\n<p>Soome presidendi hinnangul on Venemaa huvides, et Euroopa keskenduks pidevalt v\u00f5imaliku eskalatsiooni ohule.<\/p>\n<p>&#8220;Venemaa tahab, et meie, eurooplased, istuksime siin ja arutleksime. Kas Venemaa eskaleerib olukorda? Kas Venemaa kasutab tuumarelvi? Kas Venemaa r\u00fcndab NATO-t ja Euroopat?&#8221; \u00fctles Stubb.\u00a0<\/p>\n<p>Stubb ise kutsus eurooplasi \u00fcles j\u00e4\u00e4ma rahulikuks ja s\u00e4ilitama kainet meelt.<\/p>\n<p>&#8220;S\u00e4ilitage rahu, j\u00e4\u00e4ge k\u00fclmavereliseks ja tasakaalukaks ning olge valvsad. \u00c4rge dramatiseerige, vaid valmistuge halvimaks, et seda v\u00e4ltida,&#8221; m\u00e4rkis Stubb.\u00a0<\/p>\n<p>Tema s\u00f5nul on Venemaa s\u00f5jav\u00e4gi endiselt Ukrainas seotud ning NATO tugev heidutus muudab alliansi otsese r\u00fcndamise \u00e4\u00e4rmiselt ebat\u00f5en\u00e4oliseks. Siiski \u00fctles Stubb, et Euroopa peaks tulevikus taastama otsesema poliitilise kontakti Venemaaga. Samas r\u00f5hutas Stubb, et olukord pole selleks veel k\u00fcps ning esmat\u00e4htis on j\u00e4tkuvalt Ukraina toetamine.<\/p>\n","protected":false},"excerpt":{"rendered":"Soome president Alexander Stubb \u00fctles intervjuus meediakontserni Axel Springer ajakirjanikule, et Hiina ei luba Venemaal kasutada Ukraina s\u00f5jas&hellip;\n","protected":false},"author":2,"featured_media":264795,"comment_status":"","ping_status":"","sticky":false,"template":"","format":"standard","meta":{"footnotes":"","_share_on_mastodon":"0"},"categories":[80],"tags":[1267,26,27,37,33,35,34,36,112,31,32,21,326,28,29,95,19,25,113,23,24,262,22,20,96,30,92,93,94],"class_list":["post-264794","post","type-post","status-publish","format-standard","has-post-thumbnail","category-maailm","tag-alexander-stubb","tag-breaking-news","tag-breakingnews","tag-ee","tag-eesti","tag-eesti-keel","tag-estonia","tag-estonian","tag-euroopa","tag-featured-news","tag-featurednews","tag-headlines","tag-hiina","tag-latest-news","tag-latestnews","tag-maailm","tag-news","tag-populaarseimad-lood","tag-soome","tag-top-stories","tag-topstories","tag-ukraina","tag-uldised-uudised","tag-uudised","tag-venemaa","tag-viimased-uudised","tag-world","tag-world-news","tag-worldnews"],"share_on_mastodon":{"url":"https:\/\/pubeurope.com\/@ee\/117189787327279685","error":""},"_links":{"self":[{"href":"https:\/\/www.europesays.com\/ee\/wp-json\/wp\/v2\/posts\/264794","targetHints":{"allow":["GET"]}}],"collection":[{"href":"https:\/\/www.europesays.com\/ee\/wp-json\/wp\/v2\/posts"}],"about":[{"href":"https:\/\/www.europesays.com\/ee\/wp-json\/wp\/v2\/types\/post"}],"author":[{"embeddable":true,"href":"https:\/\/www.europesays.com\/ee\/wp-json\/wp\/v2\/users\/2"}],"replies":[{"embeddable":true,"href":"https:\/\/www.europesays.com\/ee\/wp-json\/wp\/v2\/comments?post=264794"}],"version-history":[{"count":0,"href":"https:\/\/www.europesays.com\/ee\/wp-json\/wp\/v2\/posts\/264794\/revisions"}],"wp:featuredmedia":[{"embeddable":true,"href":"https:\/\/www.europesays.com\/ee\/wp-json\/wp\/v2\/media\/264795"}],"wp:attachment":[{"href":"https:\/\/www.europesays.com\/ee\/wp-json\/wp\/v2\/media?parent=264794"}],"wp:term":[{"taxonomy":"category","embeddable":true,"href":"https:\/\/www.europesays.com\/ee\/wp-json\/wp\/v2\/categories?post=264794"},{"taxonomy":"post_tag","embeddable":true,"href":"https:\/\/www.europesays.com\/ee\/wp-json\/wp\/v2\/tags?post=264794"}],"curies":[{"name":"wp","href":"https:\/\/api.w.org\/{rel}","templated":true}]}}