{"id":264802,"date":"2026-08-31T11:11:52","date_gmt":"2026-08-31T11:11:52","guid":{"rendered":"https:\/\/www.europesays.com\/ee\/264802\/"},"modified":"2026-08-31T11:11:52","modified_gmt":"2026-08-31T11:11:52","slug":"25-36-voimas-levadia-kaugeneb-nahtamatuks-soccernet-ee","status":"publish","type":"post","link":"https:\/\/www.europesays.com\/ee\/264802\/","title":{"rendered":"25\/36 | V\u00f5imas Levadia kaugeneb n\u00e4htamatuks &#8211; Soccernet.ee"},"content":{"rendered":"<p><a href=\"https:\/\/soccernet.ee\/fotod\/pl-nomme-kalju-fc-tallinna-fci-levadia15\" rel=\"nofollow noopener\" target=\"_blank\"><img decoding=\"async\" src=\"https:\/\/www.europesays.com\/ee\/wp-content\/uploads\/2026\/08\/1788119463.jpg\" alt=\"FCI Levadia f\u00e4nnid s\u00fc\u00fctasid Hiiu staadionil p\u00fcrotehnika. Nende r\u00f5\u00f5muks p\u00f6\u00f6ras meeskond kaotusseisu 3:2 v\u00f5iduks. Foto: Janek Eslon\"\/><\/a>&#13;\n<\/p>\n<p>FCI Levadia ja N\u00f5mme Kalju m\u00e4ngul jagus lisaks v\u00e4ljakul toimunule tulev\u00e4rki ka trib\u00fc\u00fcnile. Premium liiga tabeliliider tuli raskest seisust\u00a0v\u00e4lja ja andis f\u00e4nnidele p\u00f5hjuse p\u00fcrotehnikaga lehvitada.<\/p>\n<ul>&#13;<\/p>\n<li>Soccernet.ee valib igast A. Le Coq Premium liiga m\u00e4nguvoorust v\u00e4lja \u00fche k\u00f5neka foto, et hooaja l\u00f5puks moodustuks neist 36 j\u00e4\u00e4dvustusega galerii. Kes \u00fcllatas v\u00f5i kes \u0161okeeris? Kes tegi niiv\u00f5rd tugeva avalduse, et kahvatusid k\u00f5ik? Kes lihtsalt n\u00e4itas jalgpalli selle parimast k\u00fcljest?<\/li>\n<p>&#13;<\/p>\n<li><a href=\"https:\/\/soccernet.ee\/artikkel\/36-36-flora-viis-ullatushooaja-kuldse-lopuni\" target=\"_blank\" rel=\"nofollow noopener\">2025. aasta aasta pildilugu.<\/a><\/li>\n<p>&#13;\n<\/ul>\n<p>24. voor |\u00a0&#8220;Veri kinni ja paneme edasi, pole hullu midagi!&#8221; teab \u00f6elda kogenud Andre Frolov. Ta on vahepeal Premium liiga m\u00e4nguderekordi nihutanud juba 544 kohtumiseni.&#13;\n<\/p>\n<p><a href=\"https:\/\/soccernet.ee\/fotod\/pl-paide-linnameeskond-fc-nomme-united2\" rel=\"nofollow noopener\" target=\"_blank\"><img decoding=\"async\" src=\"https:\/\/www.europesays.com\/ee\/wp-content\/uploads\/2026\/08\/1787518563.jpg\" alt=\"Andre Frolov pole lihtne mees, keda maha murda. Foto: Liisi Troska \/ jalgpall.ee\"\/><\/a>&#13;\n<\/p>\n<p>23. voor\u00a0|\u00a0Kuressaare tegi ajalugu, alistades esimest korda A. Le Coq Arenal Tallinna Flora.&#13;\n<\/p>\n<p><a href=\"https:\/\/soccernet.ee\/fotod\/pl-fc-flora-fc-kuressaare\" rel=\"nofollow noopener\" target=\"_blank\"><img decoding=\"async\" src=\"https:\/\/www.europesays.com\/ee\/wp-content\/uploads\/2026\/08\/1788174682_686_1786917645.jpg\" alt=\"Endine Flora m\u00e4ngija Deivid Andreas tegi skoori, ent otsustas mitte t\u00e4histada. Foto: Anna Andreas\"\/><\/a>&#13;\n<\/p>\n<p>22. voor | Kaspar R\u00f5\u00f5mussaar tsenderdab, Markus Kesa l\u00f6\u00f6b. Sekund hiljem j\u00e4\u00e4vad Kesa, Joonas Vaherm\u00e4rgi ja Karl-Romet N\u00f5mm j\u00e4lgima, kuidas pall v\u00e4ravasse veereb.&#13;\n<\/p>\n<p><a href=\"https:\/\/soccernet.ee\/fotod\/pl-fc-kuressaare-harju-jk-laagri5\" rel=\"nofollow noopener\" target=\"_blank\"><img decoding=\"async\" src=\"https:\/\/www.europesays.com\/ee\/wp-content\/uploads\/2026\/08\/1788174684_848_1786127953.jpg\" alt=\"Hetk hiljem maandus Markus Kesa l\u00e4hil\u00f6\u00f6k v\u00e4ravas. Foto: Allan Mehik\"\/><\/a>&#13;\n<\/p>\n<p>21. voor |\u00a0Vaikus enne tormi (loe: Paide 90+3. minuti v\u00f5iduv\u00e4ravat), mida j\u00e4lgis esireast Kuressaare \u00e4\u00e4rer\u00fcndaja Taavi J\u00fcrisoo.&#13;\n<\/p>\n<p><a href=\"https:\/\/soccernet.ee\/fotod\/pl-paide-linnameeskond-fc-kuressaare14\" rel=\"nofollow noopener\" target=\"_blank\"><img decoding=\"async\" src=\"https:\/\/www.europesays.com\/ee\/wp-content\/uploads\/2026\/08\/1788174685_87_1785688531.jpg\" alt=\"Hetk hiljem keerutas Modou Sohna karistusl\u00f6\u00f6gi Kuressaare v\u00e4ravasse. Foto: Liisi Troska \/ jalgpall.ee\"\/><\/a>&#13;\n<\/p>\n<p>20. voor |\u00a0N\u00e4ete, kes l\u00f5i Flora vastu ajaloolise v\u00f5iduv\u00e4rava! Seda tegi Yosuke Morishige, aidates N\u00f5mme Unitedil saada FC Florast jagu esmakordselt.&#13;\n<\/p>\n<p><img decoding=\"async\" src=\"https:\/\/www.europesays.com\/ee\/wp-content\/uploads\/2026\/08\/1788174685_466_1784321180.jpg\" alt=\"Foto: Anna Andreas\"\/>&#13;\n<\/p>\n<p>19. voor |\u00a0Paalberg, sina? Ei, n\u00fc\u00fcd paugutab P\u00e4rnus k\u00fcbaraid Matthias Limberg!&#13;\n<\/p>\n<p><a href=\"https:\/\/soccernet.ee\/fotod\/pl-parnu-jk-vaprus-tartu-jk-tammeka11\" rel=\"nofollow noopener\" target=\"_blank\"><img decoding=\"async\" src=\"https:\/\/www.europesays.com\/ee\/wp-content\/uploads\/2026\/08\/1788174686_976_1783791150.jpg\" alt=\"Foto: Svetlana Valijeva\"\/><\/a>&#13;\n<\/p>\n<p>18. voor |\u00a0Kuhu poole kaldub N\u00f5mme? Ikka Kalju, j\u00e4lle Kalju! Kahes t\u00e4navuses linnaosaderbis on Unitedit kostitatud juba k\u00fcmne v\u00e4ravaga.&#13;\n<\/p>\n<p><img decoding=\"async\" src=\"https:\/\/www.europesays.com\/ee\/wp-content\/uploads\/2026\/08\/1788174687_652_1783110387.jpg\" alt=\"Foto: Anna Andreas\"\/>&#13;\n<\/p>\n<p>17. voor |\u00a0Kui mitut florakat l\u00e4heb vaja, et \u00fchelt Abdourahman Badamosilt pall \u00e4ra v\u00f5tta? Nagu protokoll n\u00e4itab, j\u00e4\u00e4b teinekord ka kuuest v\u00e4heks!&#13;\n<\/p>\n<p><img decoding=\"async\" src=\"https:\/\/www.europesays.com\/ee\/wp-content\/uploads\/2026\/08\/1788174688_287_1782060125.jpg\" alt=\"Foto: Liisi Troska \/ jalgpall.ee\"\/>&#13;\n<\/p>\n<p>16. voor | Mis tunne on m\u00e4ngida tund aega arvulises v\u00e4hemuses, aga l\u00f5puminutitel siiski v\u00f5iduv\u00e4rav l\u00fc\u00fca? Seda teab Abraham Nwankwo, kelle kaaslased matsid tabamuse j\u00e4rel k\u00fclakuhja alla.&#13;\n<\/p>\n<p><img decoding=\"async\" src=\"https:\/\/www.europesays.com\/ee\/wp-content\/uploads\/2026\/08\/1788174689_409_1781768662.jpg\" alt=\"M\u00f5nikord tekib soov lihtsalt r\u00f5\u00f5must \u00fcksteise peale karata! Foto: Janek Eslon\"\/>&#13;\n<\/p>\n<p>15. voor\u00a0|\u00a0Ka suures derbim\u00e4ngus on k\u00f5ik ikkagi inimesed. Flora \u00e4\u00e4rer\u00fcndaja Sander Alamaa ulatas abistavad k\u00e4ed, et Levadia r\u00fcndaja Wendell saaks krampidest lahti.&#13;\n<\/p>\n<p><a href=\"https:\/\/soccernet.ee\/fotod\/pl-tallinna-fc-flora-tallinna-fci-levadia13\" rel=\"nofollow noopener\" target=\"_blank\"><img decoding=\"async\" src=\"https:\/\/www.europesays.com\/ee\/wp-content\/uploads\/2026\/08\/1788174691_973_1781382594.jpg\" alt=\"Flora \u00e4\u00e4rem\u00e4ngija Sander Alamaa abistamas Levadia r\u00fcndajat Wendelli. Foto: Anna Andreas\"\/><\/a>&#13;\n<\/p>\n<p>14. voor |\u00a0Henri V\u00e4lja n\u00e4gi poolelt platsilt midagi, mida teised ei n\u00e4inud. Henri Perk n\u00e4gi hetk hiljem palli v\u00f5rgus ja P\u00e4rnu Vaprusel oligi N\u00f5mme Kalju vastu v\u00f5it k\u00e4es. Vahel on see m\u00e4ng t\u00f5esti lihtne!&#13;\n<\/p>\n<p><a href=\"https:\/\/soccernet.ee\/fotod\/pl-parnu-jk-vaprus-nomme-kalju-fc8\" rel=\"nofollow noopener\" target=\"_blank\"><img decoding=\"async\" src=\"https:\/\/www.europesays.com\/ee\/wp-content\/uploads\/2026\/08\/1788174692_904_1780170333.jpg\" alt=\"Henri V\u00e4lja \u00fclikauge l\u00f6\u00f6k maandus Henri Pergi v\u00e4ravas. Foto: Svetlana Valijeva\"\/><\/a>&#13;\n<\/p>\n<p>13. voor | N\u00f5mme Kalju \u00e4\u00e4rekaitsja Aleksandr Nikolajev otsustas enne audiviset n\u00f5jatuda vastu Soccernet.ee reklaamtahvlit, et pall v\u00f5imalikult kaugele lennutada. \u00dchtlasi v\u00f5itis Kalju Nikolajevi v\u00e4ravast 1:0 Harju Laagrit.&#13;\n<\/p>\n<p><a href=\"https:\/\/soccernet.ee\/fotod\/pl-nomme-kalju-harju-jk-laagri\" rel=\"nofollow noopener\" target=\"_blank\"><img decoding=\"async\" src=\"https:\/\/www.europesays.com\/ee\/wp-content\/uploads\/2026\/08\/1788174693_651_1779308739.jpg\" alt=\"Aleksandr Nikolajev. Foto: Anna Andreas\"\/><\/a>&#13;\n<\/p>\n<p>12. voor |\u00a0Harju Laagri r\u00fcndaja Karel Eerme sai oma uuringule kiire vastuse: tiimikaaslane Kristjan Kriis l\u00e4kitas P\u00e4rnu Vapruse v\u00e4ravasse \u00fche palli ja v\u00f5rk pidas vastu.&#13;\n<\/p>\n<p><a href=\"https:\/\/soccernet.ee\/fotod\/pl-harju-jk-laagri-parnu-jk-vaprus4\" rel=\"nofollow noopener\" target=\"_blank\"><img decoding=\"async\" src=\"https:\/\/www.europesays.com\/ee\/wp-content\/uploads\/2026\/08\/1788174695_578_1778955942.jpg\" alt=\"Karel Eerme v\u00e4ravav\u00f5rgus. Foto: Anna Andreas\"\/><\/a>&#13;\n<\/p>\n<p>11. voor |\u00a0Jalgpalli keerdk\u00e4igud: \u00fchel hetkel l\u00f6\u00f6d Kalju vastu v\u00f5iduv\u00e4rava, siis lebad hirmunult ohvrikivil.&#13;\n<\/p>\n<p><a href=\"https:\/\/soccernet.ee\/fotod\/pl-nomme-kalju-fc-tallinna-fc-flora14\" rel=\"nofollow noopener\" target=\"_blank\"><img decoding=\"async\" src=\"https:\/\/www.europesays.com\/ee\/wp-content\/uploads\/2026\/08\/1788174696_636_1778438126.jpg\" alt=\"Tovstik t\u00f5usis 51. minutil kangelaseks ... Foto: Liisi Troska \/ jalgpall.ee\"\/><\/a>&#13;\n<\/p>\n<p><a href=\"https:\/\/soccernet.ee\/fotod\/pl-nomme-kalju-fc-tallinna-fc-flora14\" rel=\"nofollow noopener\" target=\"_blank\"><img decoding=\"async\" src=\"https:\/\/www.europesays.com\/ee\/wp-content\/uploads\/2026\/08\/1788174697_996_1778438180.jpg\" alt=\"... aga ikka polnud k\u00f5ige nirumast \u00fclesandest p\u00e4\u00e4su. Foto: Liisi Troska \/ jalgpall.ee \"\/><\/a>&#13;\n<\/p>\n<p>10. voor |\u00a011-kordne Eesti meister Levadia sai k\u00fcmnendas voorus v\u00f5\u00f5rsil 2:1 jagu Kuressaarest. \u00dchtlasi pole Vjat\u0161eslav Zahovaiko v\u00f5istkond sel hooajal kordagi tunnistanud vastase paremust.&#13;\n<\/p>\n<p><img decoding=\"async\" src=\"https:\/\/www.europesays.com\/ee\/wp-content\/uploads\/2026\/08\/1788174698_282_1777740697.jpg\" alt=\"Hetk hiljem l\u00f5petas Mihkel Ainsalu karistusl\u00f6\u00f6k (pall on Mark Oliver Roosnupu juures) Kuressaare v\u00e4ravas. Foto: Anna Andreas\"\/>&#13;\n<\/p>\n<p>9. voor |\u00a0Hiiu on hoopiski kollane ja Premium liiga tipp roheline! Sest Vaprus k\u00e4is N\u00f5mmelt ise ka l\u00e4bi ning 2:1 v\u00f5it tegi oma karmi t\u00f6\u00f6.&#13;\n<\/p>\n<p><a href=\"https:\/\/soccernet.ee\/fotod\/pl-nomme-kalju-fc-parnu-jk-vaprus8\" rel=\"nofollow noopener\" target=\"_blank\"><img decoding=\"async\" src=\"https:\/\/www.europesays.com\/ee\/wp-content\/uploads\/2026\/08\/1788174699_660_1777274112.jpg\" alt=\"Vapruse v\u00f5it kukutas Kalju tipust. Foto: Janek Eslon\"\/><\/a>&#13;\n<\/p>\n<p>8. voor |\u00a0Oleks vaid Uno Loop laulnud &#8220;Mis v\u00e4rvi on N\u00f5mme?&#8221;, sest 7:1 linnaosarivaali Unitedit loputanud Kaljul oleks vastus varnast v\u00f5tta.&#13;\n<\/p>\n<p><img decoding=\"async\" src=\"https:\/\/www.europesays.com\/ee\/wp-content\/uploads\/2026\/08\/1788174701_451_1776890641.jpg\" alt=\"Kalju v\u00e4rvis N\u00f5mme linnaosa mustaks. Foto: Anna Andreas\"\/>&#13;\n<\/p>\n<p>7. voor | Premium liiga seitsmendas voorus peeti maha 108. Tallinna derbi, kus Levadia p\u00f5rmustas 4:0 Flora.&#13;\n<\/p>\n<p><a href=\"https:\/\/soccernet.ee\/fotod\/pl-tallinna-fci-levadia-tallinna-fc-flora17\" rel=\"nofollow noopener\" target=\"_blank\"><img decoding=\"async\" src=\"https:\/\/www.europesays.com\/ee\/wp-content\/uploads\/2026\/08\/1788174702_102_1776615853.jpg\" alt=\"Nagu siilid udus. Levadia surus Flora vastu (kunst)muru. Foto: Anna Andreas\"\/><\/a>&#13;\n<\/p>\n<p>6. voor |\u00a0K\u00f5ik Premium liiga klubid avaldasid toetust Narva Transi kaptenile Mark Maksimkinile, kes sai viiendas voorus v\u00f5ika vigastuse.&#13;\n<\/p>\n<p><a href=\"https:\/\/soccernet.ee\/fotod\/pl-nomme-united-narva-trans\" rel=\"nofollow noopener\" target=\"_blank\"><img decoding=\"async\" src=\"https:\/\/www.europesays.com\/ee\/wp-content\/uploads\/2026\/08\/1788174703_373_1775933117.jpg\" alt=\"Lisaks Transile kandsid Mark Maksimkinile p\u00fchendatud s\u00e4rke k\u00f5ik Premium liiga klubid. Foto: Anna Andreas\"\/><\/a>&#13;\n<\/p>\n<p>5. voor |\u00a0&#8220;Tuleb keegi?&#8221; k\u00fcsib Kalju, kes on v\u00f5itnud k\u00f5ik viis m\u00e4ngu ja juhib tabelit neljapunktise edumaaga.&#13;\n<\/p>\n<p><a href=\"https:\/\/soccernet.ee\/fotod\/pl-harju-jk-laagri-nomme-kalju-fc4\" rel=\"nofollow noopener\" target=\"_blank\"><img decoding=\"async\" src=\"https:\/\/www.europesays.com\/ee\/wp-content\/uploads\/2026\/08\/1788174704_354_1775691711.JPG\" alt=\"Kalju n\u00e4itab k\u00f5igile tagatulesid. Foto: Jana Karzetskaja\"\/><\/a>&#13;\n<\/p>\n<p>4. voor |\u00a0Mullu seitsmendaks j\u00e4\u00e4nud Harju Laagri on t\u00e4navu alustanud tormihoiatusega, kui neljast m\u00e4ngust on v\u00f5idetud kolm ning tabelis ollakse teisel kohal. Tiitlikaitsja Tallinna Flora on seevastu \u00fche v\u00f5idu ja kolme kaotusega kaheksas.&#13;\n<\/p>\n<p><a href=\"https:\/\/soccernet.ee\/fotod\/pl-parnu-jk-vaprus-harju-jk-laagri4\" rel=\"nofollow noopener\" target=\"_blank\"><img decoding=\"async\" src=\"https:\/\/www.europesays.com\/ee\/wp-content\/uploads\/2026\/08\/1788174705_257_1775330986.jpg\" alt=\"Harju Laagri on end keerutanud teiseks. Foto: Svetlana Valijeva\"\/><\/a>&#13;\n<\/p>\n<p>3. voor |\u00a0Paide Linnameeskonna leegion\u00e4r Daniel Cabral tegi seda j\u00e4lle. Kui Narva Transi vastu keerutas ta v\u00f5iduv\u00e4rava 90+7. minutil, siis Tallinna Levadia vastu l\u00f5i ta viigi majja suisa 90+17. minutil!&#13;\n<\/p>\n<p><a href=\"https:\/\/soccernet.ee\/fotod\/pl-tallinna-fci-levadia-paide-linnameeskond17\" rel=\"nofollow noopener\" target=\"_blank\"><img decoding=\"async\" src=\"https:\/\/www.europesays.com\/ee\/wp-content\/uploads\/2026\/08\/1788174706_966_1774199912.jpg\" alt=\"Daniel Cabral saabus Eestisse m\u00e4nge otsustama. Foto: Anna Andreas\"\/><\/a>&#13;\n<\/p>\n<p>2. voor |\u00a0T\u00e4na v\u00f5idur\u00f5\u00f5m, homme silmad h\u00e4bi t\u00e4is: selliseks osutus P\u00e4rnu Vapruse n\u00e4dal. Hooaja teises voorus tegi N\u00f5mme United neile Zakaria Beglari\u0161vili ilutabamuse\u00a0 ja kolme v\u00e4ravas\u00f6\u00f6du toel suisa 7:1 tuule alla!&#13;\n<\/p>\n<p><a href=\"https:\/\/soccernet.ee\/fotod\/pl-fc-nomme-united-parnu-jk-vaprus2\" rel=\"nofollow noopener\" target=\"_blank\"><img decoding=\"async\" src=\"https:\/\/www.europesays.com\/ee\/wp-content\/uploads\/2026\/08\/1788174711_514_1773515673.jpg\" alt=\"Zakaria Beglari\u0161vili s\u00e4rab endiselt. Foto: Janek  Eslon\"\/><\/a>&#13;\n<\/p>\n<p>1. voor | Premium liiga avavoorus l\u00f5hkes \u00fcllatuspomm, kui P\u00e4rnu Vaprus p\u00f6\u00f6ras tiitlipretendendi Paide Linnameeskonna vastu 0:2 kaotusseisu 3:2 v\u00f5iduks.&#13;\n<\/p>\n<p><a href=\"https:\/\/soccernet.ee\/fotod\/pl-parnu-jk-vaprus-paide-linnameeskond9\" rel=\"nofollow noopener\" target=\"_blank\"><img decoding=\"async\" src=\"https:\/\/www.europesays.com\/ee\/wp-content\/uploads\/2026\/08\/1788174712_50_1772918098.jpg\" alt=\"Vaprus p\u00f6\u00f6ras Sten Jakob Viidase abiga 0:2 kaotusseisu 3:2 v\u00f5iduks. Foto: Svetlana Valijeva\"\/><\/a>&#13;<\/p>\n","protected":false},"excerpt":{"rendered":"&#13; FCI Levadia ja N\u00f5mme Kalju m\u00e4ngul jagus lisaks v\u00e4ljakul toimunule tulev\u00e4rki ka trib\u00fc\u00fcnile. Premium liiga tabeliliider tuli&hellip;\n","protected":false},"author":2,"featured_media":264803,"comment_status":"","ping_status":"","sticky":false,"template":"","format":"standard","meta":{"footnotes":"","_share_on_mastodon":"0"},"categories":[18],"tags":[5941,59382,37,33,35,34,36,163,5943,905,1357,456,1358,907,5944,5084,167,59383,159,158,701,459,2331,1622,5945],"class_list":["post-264802","post","type-post","status-publish","format-standard","has-post-thumbnail","category-sport","tag-5941","tag-36-vooru","tag-ee","tag-eesti","tag-eesti-keel","tag-estonia","tag-estonian","tag-flora","tag-fotod","tag-harju","tag-kalju","tag-kuressaare","tag-levadia","tag-paide","tag-pildid","tag-pl","tag-premium-liiga","tag-premium-liiga-pilt","tag-sport","tag-sports","tag-tammeka","tag-trans","tag-united","tag-vaprus","tag-vooru-fotod"],"share_on_mastodon":{"url":"https:\/\/pubeurope.com\/@ee\/117189827624453440","error":""},"_links":{"self":[{"href":"https:\/\/www.europesays.com\/ee\/wp-json\/wp\/v2\/posts\/264802","targetHints":{"allow":["GET"]}}],"collection":[{"href":"https:\/\/www.europesays.com\/ee\/wp-json\/wp\/v2\/posts"}],"about":[{"href":"https:\/\/www.europesays.com\/ee\/wp-json\/wp\/v2\/types\/post"}],"author":[{"embeddable":true,"href":"https:\/\/www.europesays.com\/ee\/wp-json\/wp\/v2\/users\/2"}],"replies":[{"embeddable":true,"href":"https:\/\/www.europesays.com\/ee\/wp-json\/wp\/v2\/comments?post=264802"}],"version-history":[{"count":0,"href":"https:\/\/www.europesays.com\/ee\/wp-json\/wp\/v2\/posts\/264802\/revisions"}],"wp:featuredmedia":[{"embeddable":true,"href":"https:\/\/www.europesays.com\/ee\/wp-json\/wp\/v2\/media\/264803"}],"wp:attachment":[{"href":"https:\/\/www.europesays.com\/ee\/wp-json\/wp\/v2\/media?parent=264802"}],"wp:term":[{"taxonomy":"category","embeddable":true,"href":"https:\/\/www.europesays.com\/ee\/wp-json\/wp\/v2\/categories?post=264802"},{"taxonomy":"post_tag","embeddable":true,"href":"https:\/\/www.europesays.com\/ee\/wp-json\/wp\/v2\/tags?post=264802"}],"curies":[{"name":"wp","href":"https:\/\/api.w.org\/{rel}","templated":true}]}}