{"id":264812,"date":"2026-08-31T11:23:14","date_gmt":"2026-08-31T11:23:14","guid":{"rendered":"https:\/\/www.europesays.com\/ee\/264812\/"},"modified":"2026-08-31T11:23:14","modified_gmt":"2026-08-31T11:23:14","slug":"eestisse-rajatav-ai-tehas-meelitab-juba-jargmisi-investoreid-torus-midagi-juba-on","status":"publish","type":"post","link":"https:\/\/www.europesays.com\/ee\/264812\/","title":{"rendered":"Eestisse rajatav AI-tehas meelitab juba j\u00e4rgmisi investoreid. \u201cTorus midagi juba on\u201d"},"content":{"rendered":"<p>Idanaaber p\u00e4rsib, Soome toetab<\/p>\n<p>Martin Salo tunnistab, et l\u00e4bir\u00e4\u00e4kimiste \u00fcks raskemaid teemasid oli meie idanaaber, sest kui ettev\u00f5te paigutab kuskile miljardi, siis peab olema kindel, et see raha edasi opereerib ja alles j\u00e4\u00e4b.<\/p>\n<p>\u201cSelles osas on meil Soomega t\u00e4iesti v\u00f5rdne positsioon. Ka seal on vaja investoreid rohkem veenda, et nad oleks n\u00f5us sinna investeerima. Aga Soomes on selles valdkonnas ka \u00e4\u00e4rmiselt suur buum, seal on j\u00e4rjekorras kuni kaheksa gigavati jagu andmekeskusi, millest loomulikult paljud l\u00f5puks p\u00e4evavalgust ei n\u00e4e, aga see n\u00e4itab siiski mastaapi. Kontekst, et sinna paigutatakse raha, tegi selle oluliselt lihtsamaks ka Eestile,\u201c kirjeldas ta.<\/p>\n<p>Andmekeskuste turul valitseb Salo s\u00f5nul tavap\u00e4ra, et kui kuskil ots lahti tehakse ja keskust piirkonda ehitama hakatakse, siis tuleb neid sinna juurde.<\/p>\n<p>Ots lahti tehtud<\/p>\n<p>\u201cUut regiooni ongi \u00e4\u00e4rmiselt raske tutvustada ja Eesti on kogumahult v\u00e4ga v\u00e4ike. Me ei olnud kuskil andmebaasides sees. Aga n\u00fc\u00fcd ongi ots lahti tehtud ja teatud m\u00f5ttes avas meile ukse Soome edu. Oleme nende jaoks l\u00e4hiregioon ehk Eesti m\u00fc\u00fcmine on t\u00e4nu Soomele olnud kergem,\u201c selgitas Salo.<\/p>\n<p>Ta lisas, et ka Nebiuse Eestisse investeerimise teade t\u00f5i meile head t\u00e4helepanu. \u201cSee n\u00fc\u00fcd n\u00e4itab, et meil on rahvusvaheliselt suured tegijad, kes arendavad gigavatte arvutusv\u00f5imsust. Nebiuse pipeline&#8217;is on viis gigavatti ja terves t\u00f6\u00f6stusharus teatakse, et kui juba sellise mahuga ettev\u00f5tted tulevad, siis see ei j\u00e4\u00e4 ka viimaseks. Eesti on n\u00fc\u00fcd uus koht, kuhu v\u00f5iks seda t\u00f6\u00f6stust n\u00fc\u00fcd laiendama tulla.\u201c<\/p>\n<p>Salo tunnistas, et sarnaseid uudiseid v\u00f5ibki l\u00e4hiajal veelgi tulla, aga midagi konkreetset praegu \u00f6elda ei saa. \u201cHetkel veel jagada ei saa, aga t\u00f6\u00f6 selle nimel k\u00e4ib. Torus midagi juba on,\u201c poetas ta.<\/p>\n<p>Saadet juhtis Harro Puusild.<\/p>\n<p>See teema pakub huvi? Hakka neid m\u00e4rks\u00f5nu j\u00e4lgima ja saad alati teavituse, kui sel teemal ilmub midagi uut!<\/p>\n","protected":false},"excerpt":{"rendered":"Idanaaber p\u00e4rsib, Soome toetab Martin Salo tunnistab, et l\u00e4bir\u00e4\u00e4kimiste \u00fcks raskemaid teemasid oli meie idanaaber, sest kui ettev\u00f5te&hellip;\n","protected":false},"author":2,"featured_media":264813,"comment_status":"","ping_status":"","sticky":false,"template":"","format":"standard","meta":{"footnotes":"","_share_on_mastodon":"0"},"categories":[14],"tags":[131,130,37,33,35,34,36],"class_list":["post-264812","post","type-post","status-publish","format-standard","has-post-thumbnail","category-ari","tag-ari","tag-business","tag-ee","tag-eesti","tag-eesti-keel","tag-estonia","tag-estonian"],"share_on_mastodon":{"url":"https:\/\/pubeurope.com\/@ee\/117189869697763402","error":""},"_links":{"self":[{"href":"https:\/\/www.europesays.com\/ee\/wp-json\/wp\/v2\/posts\/264812","targetHints":{"allow":["GET"]}}],"collection":[{"href":"https:\/\/www.europesays.com\/ee\/wp-json\/wp\/v2\/posts"}],"about":[{"href":"https:\/\/www.europesays.com\/ee\/wp-json\/wp\/v2\/types\/post"}],"author":[{"embeddable":true,"href":"https:\/\/www.europesays.com\/ee\/wp-json\/wp\/v2\/users\/2"}],"replies":[{"embeddable":true,"href":"https:\/\/www.europesays.com\/ee\/wp-json\/wp\/v2\/comments?post=264812"}],"version-history":[{"count":0,"href":"https:\/\/www.europesays.com\/ee\/wp-json\/wp\/v2\/posts\/264812\/revisions"}],"wp:featuredmedia":[{"embeddable":true,"href":"https:\/\/www.europesays.com\/ee\/wp-json\/wp\/v2\/media\/264813"}],"wp:attachment":[{"href":"https:\/\/www.europesays.com\/ee\/wp-json\/wp\/v2\/media?parent=264812"}],"wp:term":[{"taxonomy":"category","embeddable":true,"href":"https:\/\/www.europesays.com\/ee\/wp-json\/wp\/v2\/categories?post=264812"},{"taxonomy":"post_tag","embeddable":true,"href":"https:\/\/www.europesays.com\/ee\/wp-json\/wp\/v2\/tags?post=264812"}],"curies":[{"name":"wp","href":"https:\/\/api.w.org\/{rel}","templated":true}]}}