{"id":264822,"date":"2026-08-31T11:34:13","date_gmt":"2026-08-31T11:34:13","guid":{"rendered":"https:\/\/www.europesays.com\/ee\/264822\/"},"modified":"2026-08-31T11:34:13","modified_gmt":"2026-08-31T11:34:13","slug":"ai-tehase-rajaja-nebiuse-jaoks-oli-eesti-algul-must-auk-teatud-mottes-avas-meile-ukse-soome-edu","status":"publish","type":"post","link":"https:\/\/www.europesays.com\/ee\/264822\/","title":{"rendered":"AI tehase rajaja: Nebiuse jaoks oli Eesti algul must auk. \u201eTeatud m\u00f5ttes avas meile ukse Soome edu\u201c"},"content":{"rendered":"<p>\u201eK\u00f5igepealt tuli Eesti \u00fcldse kaardile panna, et selline koht on olemas ja siin on v\u00f5imalik selliseid asju teha. Samuti tuli r\u00e4\u00e4kida, et siin saaks asju teha kiiremini kui kuskil mujal,\u201c selgitas Salo.<\/p>\n<p>L\u00f5puks saigi suurkliendi jaoks m\u00e4\u00e4ravaks meie kiirus. Greenergy olemasolev hoone oli t\u00e4pselt selline, kui teha \u00f5iged investeeringud, on v\u00f5imalik kiiresti suhteliselt suur mahti tekitada, m\u00e4rkis Salo.<\/p>\n<p>Idanaaber p\u00e4rsib, Soome toetab<\/p>\n<p>Martin Salo tunnistab, et l\u00e4bir\u00e4\u00e4kimiste \u00fcks raskemaid teemasid oli meie idanaaber, sest kui ettev\u00f5te paigutab kuskile miljardi, siis peab olema kindel, et see raha edasi opereerib ja alles j\u00e4\u00e4b.<\/p>\n<p>\u201eSelles osas on meil Soomega t\u00e4iesti v\u00f5rdne positsioon. Ka seal on vaja investoreid rohkem veenda, et nad oleks n\u00f5us sinna investeerima. Aga Soomes on selles valdkonnas ka \u00e4\u00e4rmiselt suur buum, seal on j\u00e4rjekorras kuni kaheksa gigavati jagu andmekeskusi, millest loomulikult paljud l\u00f5puks p\u00e4evavalgust ei n\u00e4e, aga see n\u00e4itab siiski mastaapi. Kontekst, et sinna paigutatakse raha, tegi selle oluliselt lihtsamaks ka Eestile,\u201c kirjeldas ta.<\/p>\n<p>Andmekeskuste turul valitseb Salo s\u00f5nul tavap\u00e4ra, et kui kuskil ots lahti tehakse ehk neid piirkonda ehitama hakatakse, siis tuleb neid ka juurde. \u201eUut regiooni ongi \u00e4\u00e4rmiselt raske tutvustada ja Eesti on kogumahult v\u00e4ga v\u00e4ike. Me ei olnud kuskil andmebaasides sees. Aga n\u00fc\u00fcd ongi ots lahti tehtud ja teatud m\u00f5ttes avas meile ukse Soome edu. Oleme nende jaoks l\u00e4hiregioon ehk Eesti m\u00fc\u00fcmine on t\u00e4nu Soomele olnud kergem,\u201c selgitas Salo.<\/p>\n<p>Ta lisas, et ka Nebiuse Eestisse investeerimise teade t\u00f5i meile t\u00e4helepanu. \u201eAbsoluutselt,\u201c kinnitas Salo. \u201eSee n\u00fc\u00fcd n\u00e4itab, et meil on rahvusvaheliselt suured tegijad, kes arendavad gigavatte arvutusv\u00f5imsust. Nebiuse pipeline&#8217;is on 5 gigavatti ja tervese t\u00f6\u00f6stusharus teatakse, et kui juba sellise mahuga ettev\u00f5tted tulevad, siis see ei j\u00e4\u00e4 ka viimaseks. Eesti on n\u00fc\u00fcd uus koht, kuhu v\u00f5iks seda t\u00f6\u00f6stust n\u00fc\u00fcd laiendama tulla.\u201c<\/p>\n<p>Salo tunnistas, et sarnaseid uudiseid v\u00f5ibki l\u00e4hiajal veelgi tulla, aga midagi konkreetset veel \u00f6elda ei saa. \u201eHetkel veel jagada ei saa, aga t\u00f6\u00f6 selle nimel k\u00e4ib. Torus midagi juba on,\u201c poetas ta.<\/p>\n<p>Saadet juhtis Harro Puusild.<\/p>\n<p>See teema pakub huvi? Hakka neid m\u00e4rks\u00f5nu j\u00e4lgima ja saad alati teavituse, kui sel teemal ilmub midagi uut!<\/p>\n<p>Seotud lood<a draggable=\"false\" href=\"https:\/\/www.toostusuudised.ee\/sisuturundus\/2026\/07\/13\/pakendamisliini-edu-algab-tootmisprotsessi-moistmisest-mitte-roboti-valimisest\" rel=\"nofollow noopener\" target=\"_blank\">Pakendamisliini edu algab tootmisprotsessi m\u00f5istmisest, mitte roboti valimisest<\/a><\/p>\n<p>Tootmisettev\u00f5tte pakendamisprotsessi eduka automatiseerimise aluseks on kogu tootmisvoo p\u00f5hjalik anal\u00fc\u00fcs, et uus s\u00fcsteem sobituks olemasolevasse keskkonda, aitaks v\u00e4hendada t\u00f6\u00f6j\u00f5uvajadust ning oleks valmis ka ettev\u00f5tte tulevasteks arenguteks. Lihtsalt roboti lisamine enamasti oodatud tulemust ei too, nendib tootmise ja t\u00f6\u00f6stuse automatiseerimislahenduste arendaja Smitech O\u00dc tegevjuht Sander Mitendorf.<\/p>\n","protected":false},"excerpt":{"rendered":"\u201eK\u00f5igepealt tuli Eesti \u00fcldse kaardile panna, et selline koht on olemas ja siin on v\u00f5imalik selliseid asju teha.&hellip;\n","protected":false},"author":2,"featured_media":264823,"comment_status":"","ping_status":"","sticky":false,"template":"","format":"standard","meta":{"footnotes":"","_share_on_mastodon":"0"},"categories":[14],"tags":[131,130,37,33,35,34,36],"class_list":["post-264822","post","type-post","status-publish","format-standard","has-post-thumbnail","category-ari","tag-ari","tag-business","tag-ee","tag-eesti","tag-eesti-keel","tag-estonia","tag-estonian"],"share_on_mastodon":{"url":"https:\/\/pubeurope.com\/@ee\/117189912960308644","error":""},"_links":{"self":[{"href":"https:\/\/www.europesays.com\/ee\/wp-json\/wp\/v2\/posts\/264822","targetHints":{"allow":["GET"]}}],"collection":[{"href":"https:\/\/www.europesays.com\/ee\/wp-json\/wp\/v2\/posts"}],"about":[{"href":"https:\/\/www.europesays.com\/ee\/wp-json\/wp\/v2\/types\/post"}],"author":[{"embeddable":true,"href":"https:\/\/www.europesays.com\/ee\/wp-json\/wp\/v2\/users\/2"}],"replies":[{"embeddable":true,"href":"https:\/\/www.europesays.com\/ee\/wp-json\/wp\/v2\/comments?post=264822"}],"version-history":[{"count":0,"href":"https:\/\/www.europesays.com\/ee\/wp-json\/wp\/v2\/posts\/264822\/revisions"}],"wp:featuredmedia":[{"embeddable":true,"href":"https:\/\/www.europesays.com\/ee\/wp-json\/wp\/v2\/media\/264823"}],"wp:attachment":[{"href":"https:\/\/www.europesays.com\/ee\/wp-json\/wp\/v2\/media?parent=264822"}],"wp:term":[{"taxonomy":"category","embeddable":true,"href":"https:\/\/www.europesays.com\/ee\/wp-json\/wp\/v2\/categories?post=264822"},{"taxonomy":"post_tag","embeddable":true,"href":"https:\/\/www.europesays.com\/ee\/wp-json\/wp\/v2\/tags?post=264822"}],"curies":[{"name":"wp","href":"https:\/\/api.w.org\/{rel}","templated":true}]}}