{"id":264832,"date":"2026-08-31T11:45:10","date_gmt":"2026-08-31T11:45:10","guid":{"rendered":"https:\/\/www.europesays.com\/ee\/264832\/"},"modified":"2026-08-31T11:45:10","modified_gmt":"2026-08-31T11:45:10","slug":"britid-uurivad-kuidas-piima-saaks-toota-ka-lehmadeta-ikka-seda-paris-piima","status":"publish","type":"post","link":"https:\/\/www.europesays.com\/ee\/264832\/","title":{"rendered":"Britid uurivad, kuidas piima saaks toota ka lehmadeta \u2013 ikka seda p\u00e4ris piima!"},"content":{"rendered":"<p>Loomakasvatus v\u00f5tab enda alla tohutu osa maailma p\u00f5llumajandusmaast, mille t\u00f5ttu peidab klaas piima endas palju suuremat keskkonnakulu, kui esmapilgul arvata v\u00f5iks. Piimavalku saab aga juba praegu toota laboris ning n\u00fc\u00fcd on teadlased v\u00e4lja arvutanud, mida t\u00e4hendaks selle tehnoloogia laiem kasutuselev\u00f5tt. \u00dchendkuningriigi n\u00e4itel v\u00f5iks vabaneda k\u00fcmneid tuhandeid ruutkilomeetreid maad.<\/p>\n","protected":false},"excerpt":{"rendered":"Loomakasvatus v\u00f5tab enda alla tohutu osa maailma p\u00f5llumajandusmaast, mille t\u00f5ttu peidab klaas piima endas palju suuremat keskkonnakulu, kui&hellip;\n","protected":false},"author":2,"featured_media":264833,"comment_status":"","ping_status":"","sticky":false,"template":"","format":"standard","meta":{"footnotes":"","_share_on_mastodon":"0"},"categories":[14],"tags":[131,130,37,33,35,34,36,30207,102866,3442,24768,17856,102867,3424,102865],"class_list":["post-264832","post","type-post","status-publish","format-standard","has-post-thumbnail","category-ari","tag-ari","tag-business","tag-ee","tag-eesti","tag-eesti-keel","tag-estonia","tag-estonian","tag-kliimaneutraalsus","tag-lehmapiim","tag-loomakasvatus","tag-piim","tag-piimatootmine","tag-piimavalk","tag-pollumajandus","tag-tappisfermentatsioon"],"share_on_mastodon":{"url":"","error":""},"_links":{"self":[{"href":"https:\/\/www.europesays.com\/ee\/wp-json\/wp\/v2\/posts\/264832","targetHints":{"allow":["GET"]}}],"collection":[{"href":"https:\/\/www.europesays.com\/ee\/wp-json\/wp\/v2\/posts"}],"about":[{"href":"https:\/\/www.europesays.com\/ee\/wp-json\/wp\/v2\/types\/post"}],"author":[{"embeddable":true,"href":"https:\/\/www.europesays.com\/ee\/wp-json\/wp\/v2\/users\/2"}],"replies":[{"embeddable":true,"href":"https:\/\/www.europesays.com\/ee\/wp-json\/wp\/v2\/comments?post=264832"}],"version-history":[{"count":0,"href":"https:\/\/www.europesays.com\/ee\/wp-json\/wp\/v2\/posts\/264832\/revisions"}],"wp:featuredmedia":[{"embeddable":true,"href":"https:\/\/www.europesays.com\/ee\/wp-json\/wp\/v2\/media\/264833"}],"wp:attachment":[{"href":"https:\/\/www.europesays.com\/ee\/wp-json\/wp\/v2\/media?parent=264832"}],"wp:term":[{"taxonomy":"category","embeddable":true,"href":"https:\/\/www.europesays.com\/ee\/wp-json\/wp\/v2\/categories?post=264832"},{"taxonomy":"post_tag","embeddable":true,"href":"https:\/\/www.europesays.com\/ee\/wp-json\/wp\/v2\/tags?post=264832"}],"curies":[{"name":"wp","href":"https:\/\/api.w.org\/{rel}","templated":true}]}}