{"id":264842,"date":"2026-08-31T11:56:11","date_gmt":"2026-08-31T11:56:11","guid":{"rendered":"https:\/\/www.europesays.com\/ee\/264842\/"},"modified":"2026-08-31T11:56:11","modified_gmt":"2026-08-31T11:56:11","slug":"wizz-air-saadab-reisijad-salajasele-lennule-sihtkoht-selgub-alles-maandudes","status":"publish","type":"post","link":"https:\/\/www.europesays.com\/ee\/264842\/","title":{"rendered":"Wizz Air saadab reisijad salajasele lennule. Sihtkoht selgub alles maandudes"},"content":{"rendered":"<p>Lend v\u00e4ljub Varssavist 25. septembril 2026. Pardale p\u00e4\u00e4seb 25 sotsiaalmeediakampaania v\u00f5itjat, kellest iga\u00fcks saab kaasa v\u00f5tta \u00fche reisikaaslase. Reisijatele on teada lennu v\u00e4ljumisaeg, kuid mitte sihtkoht. Ainus vihje, mis neile enne reisi antakse, on sihtkoha ilmateade, et nad oskaksid vastavalt pakkida. Neljap\u00e4evase reisi jooksul on kohapeal planeeritud erinevad tegevused ning tutvumine kohaliku toidu ja kultuuriga.<\/p>\n<p>See on lennufirma varasemast tuntud turundusidee, mis j\u00f5uab Poola turule esimest korda. Kontseptsioon on olemuselt lihtne. Kui tavaliselt valivad inimesed k\u00f5igepealt sihtkoha ja alles siis hakkavad sealseid tegevusi planeerima, siis seekord on asjad p\u00f6\u00f6ratud vastupidi. <a rel=\"noopener nofollow\" target=\"_blank\" href=\"https:\/\/www.delfi.ee\/teema\/96902882\/reisijad\" tag-id=\"96902882\">Reisijad<\/a> l\u00e4hevad ettev\u00f5tmisega kaasa ning saavad oma asukohast teada alles maandumisel.<\/p>\n<p>T\u00e4nap\u00e4eval on peaaegu iga puhkuse pisidetail lennuistmetest hotellideni varakult paika pandud. Seet\u00f5ttu ongi lennufirma eesm\u00e4rk pakkuda rutiinile vaheldust ja luua olukord, mis p\u00f5hineb t\u00e4ielikult teadmatusel ning ootamatusel.<\/p>\n<p>Osalemine on avatud kuni 6. septembrini v\u00e4hemalt 18aastastele avaliku kontoga kasutajatele. Kampaania on suunatud Poola turule ning allub sealse kampaania reeglitele. Huvilistel tuleb laadida <a rel=\"noopener nofollow\" target=\"_blank\" href=\"https:\/\/www.delfi.ee\/teema\/64230333\/instagram\" tag-id=\"64230333\">Instagrami<\/a> \u00fcles seikluslikku k\u00fclge n\u00e4itav foto v\u00f5i video, m\u00e4rkida \u00e4ra lennufirma konto ja kasutada n\u00f5utud teemaviidet. V\u00f5itjatega v\u00f5etakse \u00fchendust otse sotsiaalmeedia kaudu.<\/p>\n<p>Kuigi sihtkoht hoitakse saladuses, lendab Wizz Air Varssavist 26 riiki 67 erineval suunal. Lennufirma on potentsiaalsete n\u00e4idetena maininud Madeirat, Tenerifet, Malagat, Mallorcat, Marrakechi, Islandit, Nice\u2019i, Roomat ja Kreeka saari. Ametlikus teadaandes lisatakse siiski, et lennuk v\u00f5ib maanduda ka t\u00e4iesti teises kohas.<\/p>\n<p>Kuidas see lugu Sind end tundma pani?Saada<a href=\"https:\/\/reisijuht.delfi.ee\/artikkel\/120607178\/wizz-air-saadab-reisijad-salajasele-lennule-sihtkoht-selgub-alles-maandudes\/kommentaarid\" class=\"button button--primary button--size-auto article-body-bottom__comment article-body-bottom__comment--write\" style=\"\" rel=\"nofollow noopener\" target=\"_blank\">Kommenteeri<\/a><a href=\"https:\/\/reisijuht.delfi.ee\/artikkel\/120607178\/wizz-air-saadab-reisijad-salajasele-lennule-sihtkoht-selgub-alles-maandudes\/kommentaarid\" class=\"button button--size-auto article-body-bottom__comment article-body-bottom__comment--read\" style=\"\" rel=\"nofollow noopener\" target=\"_blank\">Loe kommentaare (33)<\/a><\/p>\n","protected":false},"excerpt":{"rendered":"Lend v\u00e4ljub Varssavist 25. septembril 2026. Pardale p\u00e4\u00e4seb 25 sotsiaalmeediakampaania v\u00f5itjat, kellest iga\u00fcks saab kaasa v\u00f5tta \u00fche reisikaaslase.&hellip;\n","protected":false},"author":2,"featured_media":264843,"comment_status":"","ping_status":"","sticky":false,"template":"","format":"standard","meta":{"footnotes":"","_share_on_mastodon":"0"},"categories":[14],"tags":[131,130,37,33,35,34,36,5922,1768,11390,4199,4310],"class_list":["post-264842","post","type-post","status-publish","format-standard","has-post-thumbnail","category-ari","tag-ari","tag-business","tag-ee","tag-eesti","tag-eesti-keel","tag-estonia","tag-estonian","tag-instagram","tag-lennureis","tag-reisijad","tag-varssavi","tag-wizz-air"],"share_on_mastodon":{"url":"https:\/\/pubeurope.com\/@ee\/117189999723581646","error":""},"_links":{"self":[{"href":"https:\/\/www.europesays.com\/ee\/wp-json\/wp\/v2\/posts\/264842","targetHints":{"allow":["GET"]}}],"collection":[{"href":"https:\/\/www.europesays.com\/ee\/wp-json\/wp\/v2\/posts"}],"about":[{"href":"https:\/\/www.europesays.com\/ee\/wp-json\/wp\/v2\/types\/post"}],"author":[{"embeddable":true,"href":"https:\/\/www.europesays.com\/ee\/wp-json\/wp\/v2\/users\/2"}],"replies":[{"embeddable":true,"href":"https:\/\/www.europesays.com\/ee\/wp-json\/wp\/v2\/comments?post=264842"}],"version-history":[{"count":0,"href":"https:\/\/www.europesays.com\/ee\/wp-json\/wp\/v2\/posts\/264842\/revisions"}],"wp:featuredmedia":[{"embeddable":true,"href":"https:\/\/www.europesays.com\/ee\/wp-json\/wp\/v2\/media\/264843"}],"wp:attachment":[{"href":"https:\/\/www.europesays.com\/ee\/wp-json\/wp\/v2\/media?parent=264842"}],"wp:term":[{"taxonomy":"category","embeddable":true,"href":"https:\/\/www.europesays.com\/ee\/wp-json\/wp\/v2\/categories?post=264842"},{"taxonomy":"post_tag","embeddable":true,"href":"https:\/\/www.europesays.com\/ee\/wp-json\/wp\/v2\/tags?post=264842"}],"curies":[{"name":"wp","href":"https:\/\/api.w.org\/{rel}","templated":true}]}}