{"id":264844,"date":"2026-08-31T11:57:21","date_gmt":"2026-08-31T11:57:21","guid":{"rendered":"https:\/\/www.europesays.com\/ee\/264844\/"},"modified":"2026-08-31T11:57:21","modified_gmt":"2026-08-31T11:57:21","slug":"hoop-andmekeskustele-%e2%9f%a9-soome-valitsus-voib-jatta-need-30-miljonist-eurost-ilma","status":"publish","type":"post","link":"https:\/\/www.europesays.com\/ee\/264844\/","title":{"rendered":"HOOP ANDMEKESKUSTELE \u27e9 Soome valitsus v\u00f5ib j\u00e4tta need 30 miljonist eurost ilma"},"content":{"rendered":"<p><a target=\"_blank\" rel=\"noopener noreferrer nofollow\" href=\"https:\/\/yle.fi\/a\/74-20243714\">Yle<\/a> vahendab, et 47 miljoni euro suurune elektrimaksusoodustus l\u00f5ppes juuni l\u00f5pus ning esialgu oli plaanis see asendada v\u00e4iksema, umbes 30 miljoni euro suuruse toetusega. N\u00fc\u00fcd leiab valitsus aga, et toetuse t\u00e4htsus andmekeskuste investeeringute elluviimisel on v\u00e4henenud. Valitsus soovib endiselt uusi andmekeskusi Soome, kuid kaalub, kas riigi rahaline toetus on selleks vajalik.<\/p>\n","protected":false},"excerpt":{"rendered":"Yle vahendab, et 47 miljoni euro suurune elektrimaksusoodustus l\u00f5ppes juuni l\u00f5pus ning esialgu oli plaanis see asendada v\u00e4iksema,&hellip;\n","protected":false},"author":2,"featured_media":264845,"comment_status":"","ping_status":"","sticky":false,"template":"","format":"standard","meta":{"footnotes":"","_share_on_mastodon":"0"},"categories":[80],"tags":[12136,26,27,37,33,35,102868,34,36,31,32,21,28,29,95,19,25,1016,24127,113,23,24,22,20,30,92,93,94],"class_list":["post-264844","post","type-post","status-publish","format-standard","has-post-thumbnail","category-maailm","tag-andmekeskus","tag-breaking-news","tag-breakingnews","tag-ee","tag-eesti","tag-eesti-keel","tag-elektrimaksusoodustus","tag-estonia","tag-estonian","tag-featured-news","tag-featurednews","tag-headlines","tag-latest-news","tag-latestnews","tag-maailm","tag-news","tag-populaarseimad-lood","tag-riigieelarve","tag-riigitoetus","tag-soome","tag-top-stories","tag-topstories","tag-uldised-uudised","tag-uudised","tag-viimased-uudised","tag-world","tag-world-news","tag-worldnews"],"share_on_mastodon":{"url":"https:\/\/pubeurope.com\/@ee\/117190003803085034","error":""},"_links":{"self":[{"href":"https:\/\/www.europesays.com\/ee\/wp-json\/wp\/v2\/posts\/264844","targetHints":{"allow":["GET"]}}],"collection":[{"href":"https:\/\/www.europesays.com\/ee\/wp-json\/wp\/v2\/posts"}],"about":[{"href":"https:\/\/www.europesays.com\/ee\/wp-json\/wp\/v2\/types\/post"}],"author":[{"embeddable":true,"href":"https:\/\/www.europesays.com\/ee\/wp-json\/wp\/v2\/users\/2"}],"replies":[{"embeddable":true,"href":"https:\/\/www.europesays.com\/ee\/wp-json\/wp\/v2\/comments?post=264844"}],"version-history":[{"count":0,"href":"https:\/\/www.europesays.com\/ee\/wp-json\/wp\/v2\/posts\/264844\/revisions"}],"wp:featuredmedia":[{"embeddable":true,"href":"https:\/\/www.europesays.com\/ee\/wp-json\/wp\/v2\/media\/264845"}],"wp:attachment":[{"href":"https:\/\/www.europesays.com\/ee\/wp-json\/wp\/v2\/media?parent=264844"}],"wp:term":[{"taxonomy":"category","embeddable":true,"href":"https:\/\/www.europesays.com\/ee\/wp-json\/wp\/v2\/categories?post=264844"},{"taxonomy":"post_tag","embeddable":true,"href":"https:\/\/www.europesays.com\/ee\/wp-json\/wp\/v2\/tags?post=264844"}],"curies":[{"name":"wp","href":"https:\/\/api.w.org\/{rel}","templated":true}]}}