{"id":264846,"date":"2026-08-31T11:58:09","date_gmt":"2026-08-31T11:58:09","guid":{"rendered":"https:\/\/www.europesays.com\/ee\/264846\/"},"modified":"2026-08-31T11:58:09","modified_gmt":"2026-08-31T11:58:09","slug":"lhv-koondas-investorkogukonna-juhi-arileht","status":"publish","type":"post","link":"https:\/\/www.europesays.com\/ee\/264846\/","title":{"rendered":"LHV koondas investorkogukonna juhi &#8211; \u00c4rileht"},"content":{"rendered":"<p>Janson t\u00f6\u00f6tas LHV-s alates 2010. aastast, alustades anal\u00fc\u00fctikuna. Seej\u00e4rel t\u00f6\u00f6tas ta pikalt vanemmaaklerina ning viimati investorkogukonna juhina.<\/p>\n<p>\u201ePeaaegu kuusteist aastat \u00fches majas. Investeerimisportfelli puhul nimetatakse seda kontsentratsiooniriskiks. Mina nimetan seda armastuseks,\u201c kirjutas ta sotsiaalmeedias. \u201eKoos augustikuu l\u00f5puga saab otsa ka minu teekond LHV-s. Iga ts\u00fckkel saab kord l\u00e4bi.\u201c Janson m\u00e4rkis, et esmalt on kavas aeg maha v\u00f5tta.<\/p>\n<p>LHV Panga juht <a rel=\"noopener nofollow\" target=\"_blank\" href=\"https:\/\/www.delfi.ee\/teema\/77838408\/erki-kilu\" tag-id=\"77838408\">Erki Kilu<\/a> s\u00f5nas, et Jansoni <a rel=\"noopener nofollow\" target=\"_blank\" href=\"https:\/\/www.delfi.ee\/teema\/96849830\/koondamine-1\" tag-id=\"96849830\">koondamine<\/a> on seotud augustis tehtud struktuuri lihtsustamisega LHV-s. \u201eV\u00e4hendasime oluliselt rolle, kes tegelevad erinevate kliendisegmentide ja kogukondade juhtimisega. Koondamine puudutas ligikaudu k\u00fcmmet inimest,\u201c s\u00f5nas ta. Kui Janson lahkub LHV-st, siis hetkel j\u00e4tkab ta siiski investeerimissaate Turutegijad tegemist.<\/p>\n<p>\u201eNoortel ja uutel investoritel on varasemast suurem ootus kogukondlikkusele, vahetule ideede ja kogemuste jagamisele. Soovime investorkogukonna ehitamise ja senisest aktiivsema kaasamisega proovida ka uusi l\u00e4henemisi ning kogukonna enda liikmete suuremat kaasamist k\u00f5neisikutena,\u201c m\u00e4rkis Kilu.<\/p>\n<p>Ta lisas, et LHV-s t\u00f6\u00f6tab j\u00e4tkuvalt palju investeerimisvaldkonna eksperte, kes oskavad olulisi teemasid p\u00f5nevalt avada. <\/p>\n<p>Kuidas see lugu Sind end tundma pani?Saada<a href=\"https:\/\/arileht.delfi.ee\/artikkel\/120607218\/lhv-koondas-investorkogukonna-juhi\/kommentaarid\" class=\"button button--primary button--size-auto article-body-bottom__comment article-body-bottom__comment--write\" style=\"\" rel=\"nofollow noopener\" target=\"_blank\">Kommenteeri<\/a><a href=\"https:\/\/arileht.delfi.ee\/artikkel\/120607218\/lhv-koondas-investorkogukonna-juhi\/kommentaarid\" class=\"button button--size-auto article-body-bottom__comment article-body-bottom__comment--read\" style=\"\" rel=\"nofollow noopener\" target=\"_blank\">Loe kommentaare (2)<\/a><\/p>\n","protected":false},"excerpt":{"rendered":"Janson t\u00f6\u00f6tas LHV-s alates 2010. aastast, alustades anal\u00fc\u00fctikuna. Seej\u00e4rel t\u00f6\u00f6tas ta pikalt vanemmaaklerina ning viimati investorkogukonna juhina. \u201ePeaaegu&hellip;\n","protected":false},"author":2,"featured_media":264847,"comment_status":"","ping_status":"","sticky":false,"template":"","format":"standard","meta":{"footnotes":"","_share_on_mastodon":"0"},"categories":[12],"tags":[26,27,37,33,35,55738,34,36,31,32,21,2182,28,29,21343,19534,19,25,23,24,22,20,30],"class_list":["post-264846","post","type-post","status-publish","format-standard","has-post-thumbnail","category-eesti","tag-breaking-news","tag-breakingnews","tag-ee","tag-eesti","tag-eesti-keel","tag-erki-kilu","tag-estonia","tag-estonian","tag-featured-news","tag-featurednews","tag-headlines","tag-koondamine","tag-latest-news","tag-latestnews","tag-lhv-pank","tag-nelli-janson","tag-news","tag-populaarseimad-lood","tag-top-stories","tag-topstories","tag-uldised-uudised","tag-uudised","tag-viimased-uudised"],"share_on_mastodon":{"url":"https:\/\/pubeurope.com\/@ee\/117190007395232484","error":""},"_links":{"self":[{"href":"https:\/\/www.europesays.com\/ee\/wp-json\/wp\/v2\/posts\/264846","targetHints":{"allow":["GET"]}}],"collection":[{"href":"https:\/\/www.europesays.com\/ee\/wp-json\/wp\/v2\/posts"}],"about":[{"href":"https:\/\/www.europesays.com\/ee\/wp-json\/wp\/v2\/types\/post"}],"author":[{"embeddable":true,"href":"https:\/\/www.europesays.com\/ee\/wp-json\/wp\/v2\/users\/2"}],"replies":[{"embeddable":true,"href":"https:\/\/www.europesays.com\/ee\/wp-json\/wp\/v2\/comments?post=264846"}],"version-history":[{"count":0,"href":"https:\/\/www.europesays.com\/ee\/wp-json\/wp\/v2\/posts\/264846\/revisions"}],"wp:featuredmedia":[{"embeddable":true,"href":"https:\/\/www.europesays.com\/ee\/wp-json\/wp\/v2\/media\/264847"}],"wp:attachment":[{"href":"https:\/\/www.europesays.com\/ee\/wp-json\/wp\/v2\/media?parent=264846"}],"wp:term":[{"taxonomy":"category","embeddable":true,"href":"https:\/\/www.europesays.com\/ee\/wp-json\/wp\/v2\/categories?post=264846"},{"taxonomy":"post_tag","embeddable":true,"href":"https:\/\/www.europesays.com\/ee\/wp-json\/wp\/v2\/tags?post=264846"}],"curies":[{"name":"wp","href":"https:\/\/api.w.org\/{rel}","templated":true}]}}