{"id":264848,"date":"2026-08-31T11:59:08","date_gmt":"2026-08-31T11:59:08","guid":{"rendered":"https:\/\/www.europesays.com\/ee\/264848\/"},"modified":"2026-08-31T11:59:08","modified_gmt":"2026-08-31T11:59:08","slug":"pildid-kogo-galeriis-avati-hiljutise-koler-prizei-laureaadi-anna-mari-liivranna-isikunaitus-kunst","status":"publish","type":"post","link":"https:\/\/www.europesays.com\/ee\/264848\/","title":{"rendered":"Pildid: Kogo galeriis avati hiljutise K\u00f6ler Prize&#8217;i laureaadi Anna Mari Liivranna isikun\u00e4itus | Kunst"},"content":{"rendered":"<p>28. augustil avati Tartus Kogo galeriis hiljutise K\u00f6ler Prize&#8217;i laureaadi Anna Mari Liivranna isikun\u00e4itus &#8220;Kaarduvate radade veetlus&#8221;, mis peegeldab meie keerukaid suhteid m\u00e4lu, looduse ja minevikuga.<\/p>\n<p>Anna Mari Liivrand t\u00f6\u00f6tab nii joonistuse, skulptuuri kui installatsiooniga. Iga n\u00e4itusele loodud installatsioon avaneb kui eraldi peat\u00fckk laiemas narratiivis, mille fragmendid j\u00e4rgivad omaenda rada, t\u00e4iendades samal ajal Liivranna \u00fcha kasvavat kaarduvatest vormidest, ainelisest m\u00e4lust ja muundumistest koosnevat visuaalset s\u00f5navara.<\/p>\n<p>Anna Mari Liivrand\u00a0on Tallinnas elav ja t\u00f6\u00f6tav kunstnik. Ta omandas Eesti Kunstiakadeemias kaasaegse kunsti magistrikraadi (2022) ning installatsiooni ja skulptuuri bakalaureusekraadi (2016). Ta on K\u00f6ler Prize 2026 laureaat (koos Hanna\u00a0Somosoniga) ning ta v\u00f5itis Kaasaegse Kunsti Eesti Keskuse ja Kaamos Groupi asutatud\u00a0kunstistipendiumi\u00a0(2025). M\u00f6\u00f6dunud aastal avas ta Norras B\u00e6rumi kunstihoones isikun\u00e4ituse &#8220;On the Edge of Fading Voltage&#8221;<\/p>\n<p>N\u00e4ituse kureeris Riias tegutsev kuraator ja galerist El\u012bna Dr\u0101ke, kes on kureerinud ja produtseerinud \u00fcle 30 n\u00e4ituse. Ta kaasasutas Riias asuva s\u00f5ltumatu galerii ASNI, mille fookuses on mitmekesine, v\u00e4rske ja katsetuslik Balti kaasaegne kunst. Praegu t\u00f6\u00f6tab El\u012bna Riga Art Week&#8217;i kunstilise juhina, samuti on ta L\u00e4ti Galeriide Liidu kaasasutaja.<\/p>\n<p>&#8220;Kaarduvate radade veetlus&#8221; j\u00e4\u00e4b Kogo galeriis avatuks 24. oktoobrini.<\/p>\n","protected":false},"excerpt":{"rendered":"28. augustil avati Tartus Kogo galeriis hiljutise K\u00f6ler Prize&#8217;i laureaadi Anna Mari Liivranna isikun\u00e4itus &#8220;Kaarduvate radade veetlus&#8221;, mis&hellip;\n","protected":false},"author":2,"featured_media":264849,"comment_status":"","ping_status":"","sticky":false,"template":"","format":"standard","meta":{"footnotes":"","_share_on_mastodon":"0"},"categories":[5],"tags":[26667,26,27,37,33,35,34,36,31,32,21,102869,10245,23003,190,28,29,19,25,23,24,22,20,30],"class_list":["post-264848","post","type-post","status-publish","format-standard","has-post-thumbnail","category-uldised-uudised","tag-anna-mari-liivrand","tag-breaking-news","tag-breakingnews","tag-ee","tag-eesti","tag-eesti-keel","tag-estonia","tag-estonian","tag-featured-news","tag-featurednews","tag-headlines","tag-kaarduvate-radade-veetlus","tag-kogo-galerii","tag-koler-prize","tag-kunst","tag-latest-news","tag-latestnews","tag-news","tag-populaarseimad-lood","tag-top-stories","tag-topstories","tag-uldised-uudised","tag-uudised","tag-viimased-uudised"],"share_on_mastodon":{"url":"https:\/\/pubeurope.com\/@ee\/117190011253639006","error":""},"_links":{"self":[{"href":"https:\/\/www.europesays.com\/ee\/wp-json\/wp\/v2\/posts\/264848","targetHints":{"allow":["GET"]}}],"collection":[{"href":"https:\/\/www.europesays.com\/ee\/wp-json\/wp\/v2\/posts"}],"about":[{"href":"https:\/\/www.europesays.com\/ee\/wp-json\/wp\/v2\/types\/post"}],"author":[{"embeddable":true,"href":"https:\/\/www.europesays.com\/ee\/wp-json\/wp\/v2\/users\/2"}],"replies":[{"embeddable":true,"href":"https:\/\/www.europesays.com\/ee\/wp-json\/wp\/v2\/comments?post=264848"}],"version-history":[{"count":0,"href":"https:\/\/www.europesays.com\/ee\/wp-json\/wp\/v2\/posts\/264848\/revisions"}],"wp:featuredmedia":[{"embeddable":true,"href":"https:\/\/www.europesays.com\/ee\/wp-json\/wp\/v2\/media\/264849"}],"wp:attachment":[{"href":"https:\/\/www.europesays.com\/ee\/wp-json\/wp\/v2\/media?parent=264848"}],"wp:term":[{"taxonomy":"category","embeddable":true,"href":"https:\/\/www.europesays.com\/ee\/wp-json\/wp\/v2\/categories?post=264848"},{"taxonomy":"post_tag","embeddable":true,"href":"https:\/\/www.europesays.com\/ee\/wp-json\/wp\/v2\/tags?post=264848"}],"curies":[{"name":"wp","href":"https:\/\/api.w.org\/{rel}","templated":true}]}}