{"id":264886,"date":"2026-08-31T12:40:13","date_gmt":"2026-08-31T12:40:13","guid":{"rendered":"https:\/\/www.europesays.com\/ee\/264886\/"},"modified":"2026-08-31T12:40:13","modified_gmt":"2026-08-31T12:40:13","slug":"poolas-poles-oosel-drooniosade-tehas-ei-valistata-suutamist","status":"publish","type":"post","link":"https:\/\/www.europesays.com\/ee\/264886\/","title":{"rendered":"Poolas p\u00f5les \u00f6\u00f6sel drooniosade tehas. Ei v\u00e4listata s\u00fc\u00fctamist"},"content":{"rendered":"<p>Tulekahju Poola kaguosas \u015awi\u0119ty Krzy\u017ci vojevoodkonnas Skar\u017cysko-Kamiennas asuva WB Electronicsi tehase koostetsehhis puhkes veidi p\u00e4rast kesk\u00f6\u00f6d, kui hoone oli suletud ja t\u00fchi, vahendab Poola Raadio.<\/p>\n<p>Keegi kannatada ei saanud. Tulet\u00f5rje sai p\u00f5lengu alla kahe tunniga kontrolli alla.<\/p>\n<p>\u201eSee ei olnud suur. Operatsioon kestis alla kahe tunni,\u201c \u00fctles tulet\u00f5rje esindaja Rafa\u0142 Maciejczak.<\/p>\n<p>Politsei esindaja Anna S\u0142awi\u0144ska \u00fctles, et uurijad v\u00f5tsid juhtumi \u00fcle. Tema s\u00f5nul ei v\u00e4listata s\u00fc\u00fctamist.<\/p>\n<p>Oma t\u00f6\u00f6tajad on kohale saatnud ka ABW, teatas Poola valitsuse eriteenistuste koordinaatori esindaja Jacek Dobrzy\u0144ski, kes kutsus hoiduma kinnitamata v\u00e4idete levitamisest tulekahju p\u00f5hjuste kohta.<\/p>\n<p>\u201eKujunemas on erinevaid narratiive ja m\u00f5ned inimesed juba kirjeldavad, kuidas see juhtus. K\u00f5ike seda selgitatakse praegu p\u00f5hjalikult v\u00e4lja,\u201c \u00fctles Dobrzy\u0144ski, lubades \u00fcksikasju hiljem.<\/p>\n<p>WB Electronics on Poola suurim erarelvatootja, mis toodab mehitamata \u00f5hus\u00fcsteeme, sealhulgas luure- ja kamikaze-droone, mida kasutavad <a rel=\"noopener nofollow\" target=\"_blank\" href=\"https:\/\/www.delfi.ee\/teema\/25048531\/ukraina\" tag-id=\"25048531\">Ukraina<\/a> relvaj\u00f5ud.<\/p>\n<p>P\u00f5lenud tehas toodab <a rel=\"noopener nofollow\" target=\"_blank\" href=\"https:\/\/www.delfi.ee\/teema\/96857000\/droonid-1\" tag-id=\"96857000\">droonide<\/a> ja mehitamata maismaas\u00f5idukite jaoks pumpasid.<\/p>\n<p>Kuidas see lugu Sind end tundma pani?Saada<a href=\"https:\/\/www.delfi.ee\/artikkel\/120607299\/poolas-poles-oosel-drooniosade-tehas-ei-valistata-suutamist\/kommentaarid\" class=\"button button--primary button--size-auto article-body-bottom__comment article-body-bottom__comment--write\" style=\"\" rel=\"nofollow noopener\" target=\"_blank\">Kommenteeri<\/a><a href=\"https:\/\/www.delfi.ee\/artikkel\/120607299\/poolas-poles-oosel-drooniosade-tehas-ei-valistata-suutamist\/kommentaarid\" class=\"button button--size-auto article-body-bottom__comment article-body-bottom__comment--read\" style=\"\" rel=\"nofollow noopener\" target=\"_blank\">Loe kommentaare (22)<\/a><\/p>\n","protected":false},"excerpt":{"rendered":"Tulekahju Poola kaguosas \u015awi\u0119ty Krzy\u017ci vojevoodkonnas Skar\u017cysko-Kamiennas asuva WB Electronicsi tehase koostetsehhis puhkes veidi p\u00e4rast kesk\u00f6\u00f6d, kui hoone&hellip;\n","protected":false},"author":2,"featured_media":264887,"comment_status":"","ping_status":"","sticky":false,"template":"","format":"standard","meta":{"footnotes":"","_share_on_mastodon":"0"},"categories":[14],"tags":[131,130,1274,37,33,35,34,36,111,9577,358,262],"class_list":["post-264886","post","type-post","status-publish","format-standard","has-post-thumbnail","category-ari","tag-ari","tag-business","tag-droonid","tag-ee","tag-eesti","tag-eesti-keel","tag-estonia","tag-estonian","tag-poola","tag-suutamine","tag-tulekahju","tag-ukraina"],"share_on_mastodon":{"url":"https:\/\/pubeurope.com\/@ee\/117190172788065550","error":""},"_links":{"self":[{"href":"https:\/\/www.europesays.com\/ee\/wp-json\/wp\/v2\/posts\/264886","targetHints":{"allow":["GET"]}}],"collection":[{"href":"https:\/\/www.europesays.com\/ee\/wp-json\/wp\/v2\/posts"}],"about":[{"href":"https:\/\/www.europesays.com\/ee\/wp-json\/wp\/v2\/types\/post"}],"author":[{"embeddable":true,"href":"https:\/\/www.europesays.com\/ee\/wp-json\/wp\/v2\/users\/2"}],"replies":[{"embeddable":true,"href":"https:\/\/www.europesays.com\/ee\/wp-json\/wp\/v2\/comments?post=264886"}],"version-history":[{"count":0,"href":"https:\/\/www.europesays.com\/ee\/wp-json\/wp\/v2\/posts\/264886\/revisions"}],"wp:featuredmedia":[{"embeddable":true,"href":"https:\/\/www.europesays.com\/ee\/wp-json\/wp\/v2\/media\/264887"}],"wp:attachment":[{"href":"https:\/\/www.europesays.com\/ee\/wp-json\/wp\/v2\/media?parent=264886"}],"wp:term":[{"taxonomy":"category","embeddable":true,"href":"https:\/\/www.europesays.com\/ee\/wp-json\/wp\/v2\/categories?post=264886"},{"taxonomy":"post_tag","embeddable":true,"href":"https:\/\/www.europesays.com\/ee\/wp-json\/wp\/v2\/tags?post=264886"}],"curies":[{"name":"wp","href":"https:\/\/api.w.org\/{rel}","templated":true}]}}