{"id":264888,"date":"2026-08-31T12:41:12","date_gmt":"2026-08-31T12:41:12","guid":{"rendered":"https:\/\/www.europesays.com\/ee\/264888\/"},"modified":"2026-08-31T12:41:12","modified_gmt":"2026-08-31T12:41:12","slug":"vaata-mis-juhtus-esimest-korda-ookeani-aarde-viidud-kass-reageeris-nahtule-vaga-ootamatult","status":"publish","type":"post","link":"https:\/\/www.europesays.com\/ee\/264888\/","title":{"rendered":"Vaata, mis juhtus: esimest korda ookeani \u00e4\u00e4rde viidud kass reageeris n\u00e4htule v\u00e4ga ootamatult"},"content":{"rendered":"<p class=\"isSelectedEnd\">Sellecki omanik Chelsea Zockoll elab USAs Utah&#8217; osariigis. Ta adopteeris kassi varjupaigast p\u00e4rast seda, kui m\u00e4rkas tema nina all olevat erilist mustrit, mis meenutas vuntsi. Just selle j\u00e4rgi saigi kass endale nime Selleck.<\/p>\n<p class=\"isSelectedEnd\">Hiljem v\u00f5ttis naine noore kassi kaasa Floridasse oma vanemaid k\u00fclastama. Kuna Selleck polnud varem ookeani n\u00e4inud, otsustas omanik ta randa kaasa v\u00f5tta, et kass saaks esimest korda liiva ja vett kogeda.<\/p>\n<p class=\"isSelectedEnd\">Videos astub mustvalge kass rihma otsas ettevaatlikult vette. Omaniku suureks \u00fcllatuseks ei p\u00f5genenud ta aga veest eemale. Selleck j\u00e4rgnes talle ning muutus j\u00e4rjest julgemaks. M\u00f5ne aja p\u00e4rast ujus kass juba t\u00e4iesti vabalt, justkui oleks ta seda kogu elu teinud.<\/p>\n<p class=\"isSelectedEnd\">\u00abTa l\u00e4ks kohe vette ja j\u00e4rgnes mulle. Olin nii \u00fcllatunud,\u00bb r\u00e4\u00e4kis Zockoll Newsweekile. Omaniku s\u00f5nul on Selleck v\u00e4ga seiklushimuline kass.<\/p>\n<p>TikTokis avaldatud video kogus vaid m\u00f5ne p\u00e4evaga \u00fcle 45 miljoni vaatamise ja rohkem kui 8 miljonit meeldimist. Vaatajad olid n\u00e4htust vaimustuses, sest paljude jaoks oli esimene kord n\u00e4ha kassi, kes l\u00e4heb t\u00e4iesti vabatahtlikult ujuma.<\/p>\n<p class=\"isSelectedEnd\">Kuigi kassid v\u00f5ivad osata ujuda ja m\u00f5ned neist naudivad vett, ei ole see enamiku kasside jaoks tavap\u00e4rane. Loomak\u00e4itumise ekspertide s\u00f5nul v\u00f5ib veega harjumine noores eas ja positiivsed kogemused suurendada t\u00f5en\u00e4osust, et kass vett talub v\u00f5i isegi naudib. Sellegipoolest ei meeldi vees olemine suuremale osale kassidest.<\/p>\n","protected":false},"excerpt":{"rendered":"Sellecki omanik Chelsea Zockoll elab USAs Utah&#8217; osariigis. Ta adopteeris kassi varjupaigast p\u00e4rast seda, kui m\u00e4rkas tema nina&hellip;\n","protected":false},"author":2,"featured_media":264889,"comment_status":"","ping_status":"","sticky":false,"template":"","format":"standard","meta":{"footnotes":"","_share_on_mastodon":"0"},"categories":[80],"tags":[26,27,102874,37,33,35,34,36,31,32,13212,21,5922,102873,102877,28,29,102876,95,19,83986,25,45142,102875,328,23,24,5260,22,2057,20,149,30,92,93,94],"class_list":["post-264888","post","type-post","status-publish","format-standard","has-post-thumbnail","category-maailm","tag-breaking-news","tag-breakingnews","tag-chelsea-zockoll","tag-ee","tag-eesti","tag-eesti-keel","tag-estonia","tag-estonian","tag-featured-news","tag-featurednews","tag-florida","tag-headlines","tag-instagram","tag-kass-selleck","tag-kassid-ja-vesi","tag-latest-news","tag-latestnews","tag-loomakaitumise-eksperdid","tag-maailm","tag-news","tag-newsweek","tag-populaarseimad-lood","tag-rand","tag-selleck-the-mustache-cat","tag-tiktok","tag-top-stories","tag-topstories","tag-ujumine","tag-uldised-uudised","tag-utah-osariik","tag-uudised","tag-video","tag-viimased-uudised","tag-world","tag-world-news","tag-worldnews"],"share_on_mastodon":{"url":"","error":"Validation failed: Text character limit of 500 exceeded"},"_links":{"self":[{"href":"https:\/\/www.europesays.com\/ee\/wp-json\/wp\/v2\/posts\/264888","targetHints":{"allow":["GET"]}}],"collection":[{"href":"https:\/\/www.europesays.com\/ee\/wp-json\/wp\/v2\/posts"}],"about":[{"href":"https:\/\/www.europesays.com\/ee\/wp-json\/wp\/v2\/types\/post"}],"author":[{"embeddable":true,"href":"https:\/\/www.europesays.com\/ee\/wp-json\/wp\/v2\/users\/2"}],"replies":[{"embeddable":true,"href":"https:\/\/www.europesays.com\/ee\/wp-json\/wp\/v2\/comments?post=264888"}],"version-history":[{"count":0,"href":"https:\/\/www.europesays.com\/ee\/wp-json\/wp\/v2\/posts\/264888\/revisions"}],"wp:featuredmedia":[{"embeddable":true,"href":"https:\/\/www.europesays.com\/ee\/wp-json\/wp\/v2\/media\/264889"}],"wp:attachment":[{"href":"https:\/\/www.europesays.com\/ee\/wp-json\/wp\/v2\/media?parent=264888"}],"wp:term":[{"taxonomy":"category","embeddable":true,"href":"https:\/\/www.europesays.com\/ee\/wp-json\/wp\/v2\/categories?post=264888"},{"taxonomy":"post_tag","embeddable":true,"href":"https:\/\/www.europesays.com\/ee\/wp-json\/wp\/v2\/tags?post=264888"}],"curies":[{"name":"wp","href":"https:\/\/api.w.org\/{rel}","templated":true}]}}