{"id":264926,"date":"2026-08-31T13:24:31","date_gmt":"2026-08-31T13:24:31","guid":{"rendered":"https:\/\/www.europesays.com\/ee\/264926\/"},"modified":"2026-08-31T13:24:31","modified_gmt":"2026-08-31T13:24:31","slug":"ekspert-alkoholi-umbritsev-glamuur-saadab-noortele-vastukaivaid-signaale-raadio-2","status":"publish","type":"post","link":"https:\/\/www.europesays.com\/ee\/264926\/","title":{"rendered":"Ekspert: alkoholi \u00fcmbritsev glamuur saadab noortele vastuk\u00e4ivaid signaale | Raadio 2"},"content":{"rendered":"<p>TAI uimastite ja s\u00f5ltuvuste osakonna juhataja Anneli Sammel r\u00e4\u00e4kis saates &#8220;R2 Hommik!&#8221;, et alkoholi tarbimine on meie \u00fchiskonnas ikka veel glamuurne ja seotud l\u00f5\u00f5gastuse ja enda premeerimisega millegi eest. Sammeli s\u00f5nul ei tohiks t\u00e4iskasvanud normaliseerida alkoholi tarvitamist, sest see saadab noortele vastuk\u00e4ivaid signaale.<\/p>\n<p>Septembris toimub taas kampaania &#8220;Septembris ei joo&#8221;, mis esimest korda toimus 2003. aastal. &#8220;See algatus on sirgunud rahva hulgast. 2003. algatasid selle tudengid ja 2017. aastal pani algatusele \u00f5la alla Tervise arengu instituut (TAI) ning n\u00fc\u00fcd toetab seda ka tervisekassa,&#8221; nentis TAI uimastite ja s\u00f5ltuvuste osakonna juhataja Anneli Sammel.<\/p>\n<p>&#8220;Alkoholile kui ainele, mida tarvitatakse, ohutut tarvitamistaset polegi olemas, mida v\u00e4hem, seda parem,&#8221; t\u00f5i ekspert v\u00e4lja.<\/p>\n<p>Sammeli s\u00f5nul on t\u00e4navune slogan &#8220;L\u00fckka alkohol pildilt v\u00e4lja&#8221;, et me ka ise ei normaliseeriks alkoholi tarvitamist. N\u00e4iteks l\u00e4bi selle, et kui kellelgi algab puhkus. l\u00fckatakse sotsiaalmeediassse \u00fcles pilt sellest l\u00f5\u00f5gastavast momendist v\u00f5i t\u00e4histatakse midagi, klaas k\u00e4es, et me ise ei annaks signaale. Need on rituaalid, mida iga inimene oma k\u00e4itumisega kinnistab, kui selliseid pilte sotsiaalmeediasse riputab,&#8221; s\u00f5nas Sammel.<\/p>\n<p>&#8220;K\u00f5ik ju teavad, et alkohol ei ole tervisele hea, aga samas noored n\u00e4evad, et t\u00e4iskasvanud k\u00e4ituvad teisiti, \u00fchest k\u00fcljest jutt, et alkohol on kahjulik ja teisest k\u00fcljest glamuur, mis k\u00e4ib alkoholi tarbimisega kaasas, on vastuk\u00e4ivad,&#8221; \u00fctles Sammel.<\/p>\n<p>Seadusemuudatusel, mille tagaj\u00e4rjel on alkoholilett kaupluses teistest toodetest eraldatud ning alkoholi ei saa osta p\u00e4rast kella k\u00fcmmet, on Sammeli s\u00f5nul suur m\u00f5ju.<\/p>\n<p>Ega muid teadusp\u00f5hiseid lahendusi \u00fchiskonnas polegi, kui teha alkoholi k\u00e4ttesaamine v\u00f5imalikult ebameeldivaks. &#8220;Ikkagi ainult alkoholireklaamide n\u00e4htavuse ja alkoholi k\u00e4ttesaadavuse piiramine. Need on asjad, mida saab riigi poolelt teha. Teisel juhul, kui me seda ei teeks, peaksime kogu aeg suurendama abiteenuste k\u00e4ttesaadavust elanikkonnale, sest kui inimene satub alkoholiprobleemide k\u00e4tte, on tema \u00fcmber terve ring inimesi, kes selle p\u00e4rast kannatavad, perekond, t\u00f6\u00f6kaaslased. Abi andmine l\u00e4heb \u00fchiskonnale mitu korda kallimaks kui see, et me k\u00e4ttesaadavust pisutki piirame,&#8221; t\u00f5des Sammel.<\/p>\n","protected":false},"excerpt":{"rendered":"TAI uimastite ja s\u00f5ltuvuste osakonna juhataja Anneli Sammel r\u00e4\u00e4kis saates &#8220;R2 Hommik!&#8221;, et alkoholi tarbimine on meie \u00fchiskonnas&hellip;\n","protected":false},"author":2,"featured_media":264927,"comment_status":"","ping_status":"","sticky":false,"template":"","format":"standard","meta":{"footnotes":"","_share_on_mastodon":"0"},"categories":[14],"tags":[82715,131,130,37,33,35,34,36,102883,102882],"class_list":["post-264926","post","type-post","status-publish","format-standard","has-post-thumbnail","category-ari","tag-anneli-sammel","tag-ari","tag-business","tag-ee","tag-eesti","tag-eesti-keel","tag-estonia","tag-estonian","tag-lukka-alkohol-pildilt-valja","tag-septembris-ei-joo"],"share_on_mastodon":{"url":"https:\/\/pubeurope.com\/@ee\/117190345688318185","error":""},"_links":{"self":[{"href":"https:\/\/www.europesays.com\/ee\/wp-json\/wp\/v2\/posts\/264926","targetHints":{"allow":["GET"]}}],"collection":[{"href":"https:\/\/www.europesays.com\/ee\/wp-json\/wp\/v2\/posts"}],"about":[{"href":"https:\/\/www.europesays.com\/ee\/wp-json\/wp\/v2\/types\/post"}],"author":[{"embeddable":true,"href":"https:\/\/www.europesays.com\/ee\/wp-json\/wp\/v2\/users\/2"}],"replies":[{"embeddable":true,"href":"https:\/\/www.europesays.com\/ee\/wp-json\/wp\/v2\/comments?post=264926"}],"version-history":[{"count":0,"href":"https:\/\/www.europesays.com\/ee\/wp-json\/wp\/v2\/posts\/264926\/revisions"}],"wp:featuredmedia":[{"embeddable":true,"href":"https:\/\/www.europesays.com\/ee\/wp-json\/wp\/v2\/media\/264927"}],"wp:attachment":[{"href":"https:\/\/www.europesays.com\/ee\/wp-json\/wp\/v2\/media?parent=264926"}],"wp:term":[{"taxonomy":"category","embeddable":true,"href":"https:\/\/www.europesays.com\/ee\/wp-json\/wp\/v2\/categories?post=264926"},{"taxonomy":"post_tag","embeddable":true,"href":"https:\/\/www.europesays.com\/ee\/wp-json\/wp\/v2\/tags?post=264926"}],"curies":[{"name":"wp","href":"https:\/\/api.w.org\/{rel}","templated":true}]}}