{"id":264936,"date":"2026-08-31T13:35:47","date_gmt":"2026-08-31T13:35:47","guid":{"rendered":"https:\/\/www.europesays.com\/ee\/264936\/"},"modified":"2026-08-31T13:35:47","modified_gmt":"2026-08-31T13:35:47","slug":"lidli-kommunikatsioonijuht-ettevotjad-ja-toiduliit-on-eestlaste-tervislikuma-toitumise-oma-hirmude-pantvangi-votnud-delfi","status":"publish","type":"post","link":"https:\/\/www.europesays.com\/ee\/264936\/","title":{"rendered":"Lidli kommunikatsioonijuht: ettev\u00f5tjad ja toiduliit on eestlaste tervislikuma toitumise oma hirmude pantvangi v\u00f5tnud! &#8211; Delfi"},"content":{"rendered":"<ol>\n<li><a href=\"https:\/\/news.google.com\/rss\/articles\/CBMi8AFBVV95cUxQMEphMUowOVd3S2FjZHlGaURNZUk2NGVVQ2wxUXBfUTROX3A0NEdJZ0VkQjl0ODg3aXRyaUNYWWdSNS1nNXp3ek1lTkFydWJ0RVQ1WUg4SUlvNlRqM29ZSVlxRjY0aF9TREdOZTlDME5OM1pWa0xDSjl6b2wxNEJsVVdZbGJOTS1YYnVXTVBGc0FHblVEcVNrV0tjeHNCQzF0eVloNm5idjJGeHlhQlBJZmJVN3NRMDM5cTNneWYycHRWeFlQV0FqUGlfMTVOZmVqazc0azN2dVVWQnV2MFJoMHN5UmtCQ1VzSWVoUmU1Ql8?oc=5\" target=\"_blank\" rel=\"nofollow noopener\">Lidli kommunikatsioonijuht: ettev\u00f5tjad ja toiduliit on eestlaste tervislikuma toitumise oma hirmude pantvangi v\u00f5tnud!<\/a>&nbsp;&nbsp;Delfi<\/li>\n<li><a href=\"https:\/\/news.google.com\/rss\/articles\/CBMiwwFBVV95cUxOY3NfTm1aQktTWWlwTm9BQnZGTUt2NURBUERTTkwwR1FhVVZaSVhKTUJvaktXaFRmaktjblFPNEtsWHVOMVR5RUNDTGFJRmZYckluMi1TN2JKeGxfZ3FUd3p5dGRVLU5CMUpVZV9wdjN6bHBDa2ZncVAzZUdRLTlaVFRqR0dSYnAwZ29lM0RVLXdWWUdWX2RVbFlnMm1PaU9SeUo0QXFyMW5kcG1fQWJVVjRvM0FsOVhmeTJiYS1wYjQ2enc?oc=5\" target=\"_blank\" rel=\"nofollow noopener\">Lidl Eesti kommunikatsioonijuht NutriScore\u2019i m\u00e4rgist: eestlastele on see eriti oluline<\/a>&nbsp;&nbsp;\u00c4rip\u00e4ev<\/li>\n<li><a href=\"https:\/\/news.google.com\/rss\/articles\/CBMi5gFBVV95cUxNSHcwRnNpT0FpR1N2OFdMZEJ1SHJaZ0hheS12cWNCV0dWMmJzZlFZOVFudEw3U3VzOHF5NWhxcEJCX0h3cWxiRjBzLXZQcTAzLUZBaHNpU0pzVExsMWFaYjNubnVKdXVMdVM4RFpSYTI2TFp6VnJLRkkwSTNudWxMczd4eHNPYXdpRWNfbVpENzh0cnluUnVoQ181bXpDZWhnNXRJYnZvQTQ3RmxVTkhnS3lyTlY4V1NGdjF4Z1JRek1sZGR0LWtrazZfcjRTNVRNVnMzOE50WmZhUkdJd0Y1cE40Zm5mdw?oc=5\" target=\"_blank\" rel=\"nofollow noopener\">P\u00f5llumajandusminister: seaduseauk j\u00e4tab Eesti toidutootjad v\u00e4lismaise m\u00e4rgise t\u00f5ttu oma koduturul kaotajaks<\/a>&nbsp;&nbsp;Delfi<\/li>\n<li><a href=\"https:\/\/news.google.com\/rss\/articles\/CBMiyAFBVV95cUxQOVR1eDNaWUNDZXBza0xyR2NLRUtOUlNuNVRVblUxSnE5RWN6ZWlJNkxuUVhFd1ZRX1NiZmdYaU12cHRZUHNCWlBkc0NSaTZIcEQ3VDd2NFk1T01pOV9RZUdvWUNBVHA4dzVOTW1IM21FM2Y0alM4VGE4b3BCOVJLT2ZYQ2Fzbk9uejlheFZtUWUwWV9FWWNMYjhGM2JRQUZNUFFPWFRTdFE1RFZNRmVfc2pxQnFLUkZhb3hvc3VvcHpjd3lfYjFRVw?oc=5\" target=\"_blank\" rel=\"nofollow noopener\">Lidl Eesti kommunikatsioonijuht: NutriScore\u2019i vastaste hirmud on suuresti v\u00e4ljam\u00f5eldised<\/a>&nbsp;&nbsp;Kaubandus.ee<\/li>\n<\/ol>\n","protected":false},"excerpt":{"rendered":"Lidli kommunikatsioonijuht: ettev\u00f5tjad ja toiduliit on eestlaste tervislikuma toitumise oma hirmude pantvangi v\u00f5tnud!&nbsp;&nbsp;Delfi Lidl Eesti kommunikatsioonijuht NutriScore\u2019i m\u00e4rgist:&hellip;\n","protected":false},"author":2,"featured_media":264937,"comment_status":"","ping_status":"","sticky":false,"template":"","format":"standard","meta":{"footnotes":"","_share_on_mastodon":"0"},"categories":[14],"tags":[131,130,37,33,35,34,36,53500,20398,7861,3434,53496,14550],"class_list":["post-264936","post","type-post","status-publish","format-standard","has-post-thumbnail","category-ari","tag-ari","tag-business","tag-ee","tag-eesti","tag-eesti-keel","tag-estonia","tag-estonian","tag-nutri-score","tag-rahvatervis","tag-tervislik-toitumine","tag-toiduainetoostus","tag-toidumargistus","tag-ulekaalulisus"],"share_on_mastodon":{"url":"https:\/\/pubeurope.com\/@ee\/117190389053450232","error":""},"_links":{"self":[{"href":"https:\/\/www.europesays.com\/ee\/wp-json\/wp\/v2\/posts\/264936","targetHints":{"allow":["GET"]}}],"collection":[{"href":"https:\/\/www.europesays.com\/ee\/wp-json\/wp\/v2\/posts"}],"about":[{"href":"https:\/\/www.europesays.com\/ee\/wp-json\/wp\/v2\/types\/post"}],"author":[{"embeddable":true,"href":"https:\/\/www.europesays.com\/ee\/wp-json\/wp\/v2\/users\/2"}],"replies":[{"embeddable":true,"href":"https:\/\/www.europesays.com\/ee\/wp-json\/wp\/v2\/comments?post=264936"}],"version-history":[{"count":0,"href":"https:\/\/www.europesays.com\/ee\/wp-json\/wp\/v2\/posts\/264936\/revisions"}],"wp:featuredmedia":[{"embeddable":true,"href":"https:\/\/www.europesays.com\/ee\/wp-json\/wp\/v2\/media\/264937"}],"wp:attachment":[{"href":"https:\/\/www.europesays.com\/ee\/wp-json\/wp\/v2\/media?parent=264936"}],"wp:term":[{"taxonomy":"category","embeddable":true,"href":"https:\/\/www.europesays.com\/ee\/wp-json\/wp\/v2\/categories?post=264936"},{"taxonomy":"post_tag","embeddable":true,"href":"https:\/\/www.europesays.com\/ee\/wp-json\/wp\/v2\/tags?post=264936"}],"curies":[{"name":"wp","href":"https:\/\/api.w.org\/{rel}","templated":true}]}}