{"id":264944,"date":"2026-08-31T13:44:08","date_gmt":"2026-08-31T13:44:08","guid":{"rendered":"https:\/\/www.europesays.com\/ee\/264944\/"},"modified":"2026-08-31T13:44:08","modified_gmt":"2026-08-31T13:44:08","slug":"sopruse-muusikafilmide-sarjas-jouab-vaatajate-ette-talking-headsi-kontsertfilm-film","status":"publish","type":"post","link":"https:\/\/www.europesays.com\/ee\/264944\/","title":{"rendered":"S\u00f5pruse muusikafilmide sarjas j\u00f5uab vaatajate ette Talking Headsi kontsertfilm | Film"},"content":{"rendered":"<p>12. septembril toimub kino S\u00f5pruse ja IDA Raadio korraldatud muusikafilmide programmi s\u00fcgishooaja avalinastus, kus vaatajate ette j\u00f5uab Talking Headsi v\u00e4rskelt restaureeritud kontsertfilm &#8220;Stop Making Sense&#8221;. 1984. aastal valminud film esimest korda Eestis kinolinale.<\/p>\n<p>1984. aastal filmis Jonathan Demme neljal j\u00e4rjestikusel \u00f5htul ansambli Talking Heads esinemisi Hollywoodis, Pantages teatris. Laval astusid \u00fcles b\u00e4ndi p\u00f5hiliikmed David Byrne, Tina Weymouth, Chris Frantz ja Jerry Harrison. Kaasa l\u00f5id ka Bernie Worrell, Alex Weir, Steve Scales, Lynn Mabry ja Edna Holt.<\/p>\n<p>Kontsertfilmi 1,2 miljoni dollarise eelarve kogusid b\u00e4ndiliikmed ise ning film on ka s\u00f5ltumatult produtseeritud. Ehkki Talking Heads andis veel kolm albumit v\u00e4lja, j\u00e4i Stop Making Senve nende viimaseks tuuriks. &#8220;Stop Making Sense&#8217;i&#8221;, mida kriitikud on korduvalt nimetanud ka l\u00e4bi aegade parimaks kontsertfilmiks, restaureeris 2023. aastal 4K formaadis filmistuudio A24.<\/p>\n<p>12. septembril kell 20.00 toimuva seansi juhatab sisse muusikateadlane ja kirjanik Brigitta Davidjants ning linastusele j\u00e4rgneb ka temaatiline pidu IDA baaris<\/p>\n","protected":false},"excerpt":{"rendered":"12. septembril toimub kino S\u00f5pruse ja IDA Raadio korraldatud muusikafilmide programmi s\u00fcgishooaja avalinastus, kus vaatajate ette j\u00f5uab Talking&hellip;\n","protected":false},"author":2,"featured_media":264945,"comment_status":"","ping_status":"","sticky":false,"template":"","format":"standard","meta":{"footnotes":"","_share_on_mastodon":"0"},"categories":[16],"tags":[37,33,35,173,34,36,208,79270,7646,140,144,102887,102888],"class_list":["post-264944","post","type-post","status-publish","format-standard","has-post-thumbnail","category-meelelahutus","tag-ee","tag-eesti","tag-eesti-keel","tag-entertainment","tag-estonia","tag-estonian","tag-film","tag-ida-raadio","tag-kino-soprus","tag-meelelahutus","tag-muusika","tag-stop-making-sense","tag-talking-heads"],"share_on_mastodon":{"url":"https:\/\/pubeurope.com\/@ee\/117190424440964413","error":""},"_links":{"self":[{"href":"https:\/\/www.europesays.com\/ee\/wp-json\/wp\/v2\/posts\/264944","targetHints":{"allow":["GET"]}}],"collection":[{"href":"https:\/\/www.europesays.com\/ee\/wp-json\/wp\/v2\/posts"}],"about":[{"href":"https:\/\/www.europesays.com\/ee\/wp-json\/wp\/v2\/types\/post"}],"author":[{"embeddable":true,"href":"https:\/\/www.europesays.com\/ee\/wp-json\/wp\/v2\/users\/2"}],"replies":[{"embeddable":true,"href":"https:\/\/www.europesays.com\/ee\/wp-json\/wp\/v2\/comments?post=264944"}],"version-history":[{"count":0,"href":"https:\/\/www.europesays.com\/ee\/wp-json\/wp\/v2\/posts\/264944\/revisions"}],"wp:featuredmedia":[{"embeddable":true,"href":"https:\/\/www.europesays.com\/ee\/wp-json\/wp\/v2\/media\/264945"}],"wp:attachment":[{"href":"https:\/\/www.europesays.com\/ee\/wp-json\/wp\/v2\/media?parent=264944"}],"wp:term":[{"taxonomy":"category","embeddable":true,"href":"https:\/\/www.europesays.com\/ee\/wp-json\/wp\/v2\/categories?post=264944"},{"taxonomy":"post_tag","embeddable":true,"href":"https:\/\/www.europesays.com\/ee\/wp-json\/wp\/v2\/tags?post=264944"}],"curies":[{"name":"wp","href":"https:\/\/api.w.org\/{rel}","templated":true}]}}