{"id":264948,"date":"2026-08-31T13:46:14","date_gmt":"2026-08-31T13:46:14","guid":{"rendered":"https:\/\/www.europesays.com\/ee\/264948\/"},"modified":"2026-08-31T13:46:14","modified_gmt":"2026-08-31T13:46:14","slug":"tarkvarasektori-rahalehm-ahvardab-votta-minu-viimase-raha","status":"publish","type":"post","link":"https:\/\/www.europesays.com\/ee\/264948\/","title":{"rendered":"Tarkvarasektori rahalehm \u00e4hvardab v\u00f5tta minu viimase raha"},"content":{"rendered":"<p>USA tarkvarasektori aktsiad on sel aastal k\u00f5vasti pihta saanud, kuid rahavoog ja kasumimarginaalid on nii v\u00f5imsad, et kohe kutsuvad minu viimast raha enda juurde.<\/p>\n<p><a href=\"#paywall\">Tellijana<\/a> saad artiklit lugedes teada:<\/p>\n<ul>\n<li>miks peab autor \u00fcle 50% kukkunud AppLovini aktsiat just praegu ahvatlevaks ostukohaks;<\/li>\n<li>millised n\u00e4itajad viitavad sellele, et ettev\u00f5tte rahavoog ja kasumlikkus v\u00f5ivad turu hirmudest tugevamad olla;<\/li>\n<li>mis on AppLovini puhul suurim murekoht ja kas aeglustuv prognoos v\u00f5ib muuta hea loo v\u00e4\u00e4rtusl\u00f5ksuks.<\/li>\n<\/ul>\n","protected":false},"excerpt":{"rendered":"USA tarkvarasektori aktsiad on sel aastal k\u00f5vasti pihta saanud, kuid rahavoog ja kasumimarginaalid on nii v\u00f5imsad, et kohe&hellip;\n","protected":false},"author":2,"featured_media":264949,"comment_status":"","ping_status":"","sticky":false,"template":"","format":"standard","meta":{"footnotes":"","_share_on_mastodon":"0"},"categories":[14],"tags":[131,130,37,33,35,34,36],"class_list":["post-264948","post","type-post","status-publish","format-standard","has-post-thumbnail","category-ari","tag-ari","tag-business","tag-ee","tag-eesti","tag-eesti-keel","tag-estonia","tag-estonian"],"share_on_mastodon":{"url":"https:\/\/pubeurope.com\/@ee\/117190432197318544","error":""},"_links":{"self":[{"href":"https:\/\/www.europesays.com\/ee\/wp-json\/wp\/v2\/posts\/264948","targetHints":{"allow":["GET"]}}],"collection":[{"href":"https:\/\/www.europesays.com\/ee\/wp-json\/wp\/v2\/posts"}],"about":[{"href":"https:\/\/www.europesays.com\/ee\/wp-json\/wp\/v2\/types\/post"}],"author":[{"embeddable":true,"href":"https:\/\/www.europesays.com\/ee\/wp-json\/wp\/v2\/users\/2"}],"replies":[{"embeddable":true,"href":"https:\/\/www.europesays.com\/ee\/wp-json\/wp\/v2\/comments?post=264948"}],"version-history":[{"count":0,"href":"https:\/\/www.europesays.com\/ee\/wp-json\/wp\/v2\/posts\/264948\/revisions"}],"wp:featuredmedia":[{"embeddable":true,"href":"https:\/\/www.europesays.com\/ee\/wp-json\/wp\/v2\/media\/264949"}],"wp:attachment":[{"href":"https:\/\/www.europesays.com\/ee\/wp-json\/wp\/v2\/media?parent=264948"}],"wp:term":[{"taxonomy":"category","embeddable":true,"href":"https:\/\/www.europesays.com\/ee\/wp-json\/wp\/v2\/categories?post=264948"},{"taxonomy":"post_tag","embeddable":true,"href":"https:\/\/www.europesays.com\/ee\/wp-json\/wp\/v2\/tags?post=264948"}],"curies":[{"name":"wp","href":"https:\/\/api.w.org\/{rel}","templated":true}]}}