{"id":264954,"date":"2026-08-31T13:49:31","date_gmt":"2026-08-31T13:49:31","guid":{"rendered":"https:\/\/www.europesays.com\/ee\/264954\/"},"modified":"2026-08-31T13:49:31","modified_gmt":"2026-08-31T13:49:31","slug":"kristian-kullamae-soome-on-musternaide-kuidas-eesti-koondis-peaks-mangima-postimees-sport","status":"publish","type":"post","link":"https:\/\/www.europesays.com\/ee\/264954\/","title":{"rendered":"Kristian Kullam\u00e4e: Soome on mustern\u00e4ide, kuidas Eesti koondis peaks m\u00e4ngima &#8211; Postimees Sport"},"content":{"rendered":"<ol>\n<li><a href=\"https:\/\/news.google.com\/rss\/articles\/CBMirAFBVV95cUxQNkYzcjZjaktCYi1Ea1FrZTZnWEg0TFFhcTRjX0VmTjl4WEZPd3BQWjdfREdLcklNeEVjX0k5X1dIUmlSTVNIS2RZbXQ1UjVWU2NuMUxvNDVSZGJGajgxYy0wUEo3dlJEUC1NaExwTEtNOVJ5QzRHbzJ0VkZUbThYQm92dWFrNlpTTWNfWlh4RGhiSW9mMGdUN0hXRkVDaTRVSlNpSWRpeks5UGNo?oc=5\" target=\"_blank\" rel=\"nofollow noopener\">Kristian Kullam\u00e4e: Soome on mustern\u00e4ide, kuidas Eesti koondis peaks m\u00e4ngima<\/a>&nbsp;&nbsp;Postimees Sport<\/li>\n<li><a href=\"https:\/\/news.google.com\/rss\/articles\/CBMi3gFBVV95cUxPMHF5eS16eUxxLUdWdzNrWmM4UU5VbGNrRG9teGktTnhtMEVoNXBjb1dKN1FfWHVreTkxWnZkaHJqRXBxaUFyc3Znck1qRnlLUVl1eEJpN3Y2a3EtZ3BablJ6S1hpeENqTjk2VE95bkVOMUU4bzZhNG5qcVl4cXI0aU1ZWDVDdVZPWkRRWlMyNDhsYldtWHZrejh0cFc1U2FEZWQ2TER5bTRhbFB1alhDSDlrcFNUeUVES2ZWMHpqd1JQVnRCeUN1TFVQY1ZRSFRuZWJRcURsSjJON1N2bFE?oc=5\" target=\"_blank\" rel=\"nofollow noopener\">ANAL\u00dc\u00dcS \u00abMe r\u00e4\u00e4gime j\u00e4lle \u00f5ppimisest \u2013 peaks olema \u00f5pitud!\u00bb Millal saavad Eesti korvpallikoondise \u00e4mbrid kolistatud?<\/a>&nbsp;&nbsp;Postimees Sport<\/li>\n<li><a href=\"https:\/\/news.google.com\/rss\/articles\/CBMiugFBVV95cUxOdkl3ek9SWERmODV6YUxmWmhWUTVRRXRETTdPekE4cXptcS1tOXJyREo5WHFoNklDTEVTOGxnX3ExOEhDODV6eHdwbW9PcGVxREZ4bkhTcXY4cFNwQnBlSG1fRktUZmI2N1pvT21IdU1faWFXZnJ2WDFFbUdsZUl2bWlsUHVoWll1T0owMkkzVDF4VUlaeDJxVUtxRjNqOXhxNE10OUZsaEJyWW5qTUpNVUFLaXg5cmE5NEE?oc=5\" target=\"_blank\" rel=\"nofollow noopener\">Peatreener Rannula: see aken oli eba\u00f5nnestumine. Tuleb l\u00e4bi m\u00f5elda, kuidas edasi minna<\/a>&nbsp;&nbsp;Delfi Sport<\/li>\n<li><a href=\"https:\/\/news.google.com\/rss\/articles\/CBMingFBVV95cUxOV29UT0ZpZi10c18xZ19iOEpUREx5dWpmMzVxN1IxYTEyQXlqbjlxQWRENUlwMGdWSnJiMWhDMTB4c0kwcWVkcVY1cUpVQTFUT2hkTmR5NHZ5Yl9ya2NoVURvZUlFYVp6QzdZY3VJZDMwMjhjY1Q3N1d4ZTQ3eDYxaENQZi0tUjZfTjdJYlBYZmgwWDhUR0g5RXFjekIwQQ?oc=5\" target=\"_blank\" rel=\"nofollow noopener\">Rannula: kui r\u00fcnnakul asjad ei \u00f5nnestu, siis meil l\u00e4heb laadaks \u00e4ra<\/a>&nbsp;&nbsp;sport | ERR<\/li>\n<li><a href=\"https:\/\/news.google.com\/rss\/articles\/CBMijAFBVV95cUxNck1OcU5ReXVLR201WVUtX3NKakRuM2Y0RHNtYzZHZFBkLURvcWpxQlVmR0JaamRncjE4blFwMVBNZC1KcGlzWGFZdXpNRXJFa0U2MGNVQnVIaVozOTNjTDNpTm9jTVVrNkV6VHFvT0ttcFZ1bGdaQ2dQaG4wZHNaakxVTDFnZnNsS29Jeg?oc=5\" target=\"_blank\" rel=\"nofollow noopener\">Henri Drell: v\u00f5ite mind risti l\u00fc\u00fca, mina olen s\u00fc\u00fcdi<\/a>&nbsp;&nbsp;Postimees Sport<\/li>\n<\/ol>\n","protected":false},"excerpt":{"rendered":"Kristian Kullam\u00e4e: Soome on mustern\u00e4ide, kuidas Eesti koondis peaks m\u00e4ngima&nbsp;&nbsp;Postimees Sport ANAL\u00dc\u00dcS \u00abMe r\u00e4\u00e4gime j\u00e4lle \u00f5ppimisest \u2013 peaks&hellip;\n","protected":false},"author":2,"featured_media":264955,"comment_status":"","ping_status":"","sticky":false,"template":"","format":"standard","meta":{"footnotes":"","_share_on_mastodon":"0"},"categories":[5],"tags":[1526,26,27,37,33,35,34,36,31,32,1517,21,172,1520,1513,28,29,1514,1518,1524,1515,19,1529,1530,1523,1519,25,1522,1525,1528,1527,159,1535,1534,1521,1532,1533,1230,1531,23,24,22,20,30,1516,1192],"class_list":["post-264954","post","type-post","status-publish","format-standard","has-post-thumbnail","category-uldised-uudised","tag-autoralli","tag-breaking-news","tag-breakingnews","tag-ee","tag-eesti","tag-eesti-keel","tag-estonia","tag-estonian","tag-featured-news","tag-featurednews","tag-finaal","tag-headlines","tag-jalgpall","tag-koondis","tag-korvpall","tag-latest-news","tag-latestnews","tag-liiga","tag-mang","tag-martin-jarveoja","tag-medal","tag-news","tag-olumpia","tag-olumpiamangud","tag-ott-tanak","tag-poks","tag-populaarseimad-lood","tag-postimees-sport","tag-postimees-wrc","tag-spordi-uudised","tag-spordiuudised","tag-sport","tag-suveolumpia","tag-suveolumpiamangud","tag-tiitel","tag-tokio","tag-tokio2020","tag-tokyo","tag-tokyo2020","tag-top-stories","tag-topstories","tag-uldised-uudised","tag-uudised","tag-viimased-uudised","tag-voistlus","tag-wrc"],"share_on_mastodon":{"url":"","error":"Validation failed: Text character limit of 500 exceeded"},"_links":{"self":[{"href":"https:\/\/www.europesays.com\/ee\/wp-json\/wp\/v2\/posts\/264954","targetHints":{"allow":["GET"]}}],"collection":[{"href":"https:\/\/www.europesays.com\/ee\/wp-json\/wp\/v2\/posts"}],"about":[{"href":"https:\/\/www.europesays.com\/ee\/wp-json\/wp\/v2\/types\/post"}],"author":[{"embeddable":true,"href":"https:\/\/www.europesays.com\/ee\/wp-json\/wp\/v2\/users\/2"}],"replies":[{"embeddable":true,"href":"https:\/\/www.europesays.com\/ee\/wp-json\/wp\/v2\/comments?post=264954"}],"version-history":[{"count":0,"href":"https:\/\/www.europesays.com\/ee\/wp-json\/wp\/v2\/posts\/264954\/revisions"}],"wp:featuredmedia":[{"embeddable":true,"href":"https:\/\/www.europesays.com\/ee\/wp-json\/wp\/v2\/media\/264955"}],"wp:attachment":[{"href":"https:\/\/www.europesays.com\/ee\/wp-json\/wp\/v2\/media?parent=264954"}],"wp:term":[{"taxonomy":"category","embeddable":true,"href":"https:\/\/www.europesays.com\/ee\/wp-json\/wp\/v2\/categories?post=264954"},{"taxonomy":"post_tag","embeddable":true,"href":"https:\/\/www.europesays.com\/ee\/wp-json\/wp\/v2\/tags?post=264954"}],"curies":[{"name":"wp","href":"https:\/\/api.w.org\/{rel}","templated":true}]}}