{"id":264958,"date":"2026-08-31T13:56:10","date_gmt":"2026-08-31T13:56:10","guid":{"rendered":"https:\/\/www.europesays.com\/ee\/264958\/"},"modified":"2026-08-31T13:56:10","modified_gmt":"2026-08-31T13:56:10","slug":"wrc-sarja-uus-promootor-delfile-rally-estonia-kulastamine-oli-selle-aasta-uks-tipphetki","status":"publish","type":"post","link":"https:\/\/www.europesays.com\/ee\/264958\/","title":{"rendered":"WRC-sarja uus promootor Delfile: Rally Estonia k\u00fclastamine oli selle aasta \u00fcks tipphetki"},"content":{"rendered":"<p><img decoding=\"async\" src=\"https:\/\/www.europesays.com\/ee\/wp-content\/uploads\/2026\/08\/0f24cf34-6ef2-4e9c-a4c7-e0720163fc1c.jpg\" loading=\"lazy\" alt=\"Eric Boullier j\u00e4i v\u00e4ga rahule Eesti etapil n\u00e4htuga. Mida t\u00e4hendab see Rally Estonia tulevikule?\"\/><\/p>\n<p>Eric Boullier j\u00e4i v\u00e4ga rahule Eesti etapil n\u00e4htuga. Mida t\u00e4hendab see Rally Estonia tulevikule?<\/p>\n<p>FOTO: Nikos Katikis\/PsnewZ via ZUMA PressSander Hallaste| Delfi Meedia\/Scanpix\/Kollaa\u017e<\/p>\n<p>Autoralli MM-sarja uue promootori tegevjuht <a rel=\"noopener nofollow\" target=\"_blank\" href=\"https:\/\/www.delfi.ee\/teema\/56500456\/eric-boullier\" tag-id=\"56500456\">Eric Boullier<\/a> selgitas Paraguay MM-etapi ajal esimest korda veidi l\u00e4hemalt, mis m\u00f5tted uutel omanikel <a rel=\"noopener nofollow\" target=\"_blank\" href=\"https:\/\/www.delfi.ee\/teema\/23049339\/wrc\" tag-id=\"23049339\">WRC<\/a>-sarjaga on. Ta kiitis \u00fchtlasi v\u00e4ga Delfi <a rel=\"noopener nofollow\" target=\"_blank\" href=\"https:\/\/www.delfi.ee\/teema\/66308802\/rally-estonia\" tag-id=\"66308802\">Rally Estoniat<\/a>, mida endine vormeliboss juulis k\u00fclastas.<\/p>\n","protected":false},"excerpt":{"rendered":"Eric Boullier j\u00e4i v\u00e4ga rahule Eesti etapil n\u00e4htuga. Mida t\u00e4hendab see Rally Estonia tulevikule? FOTO: Nikos Katikis\/PsnewZ via&hellip;\n","protected":false},"author":2,"featured_media":264959,"comment_status":"","ping_status":"","sticky":false,"template":"","format":"standard","meta":{"footnotes":"","_share_on_mastodon":"0"},"categories":[18],"tags":[37,33,35,98354,34,36,3306,31806,5352,159,158,1192],"class_list":["post-264958","post","type-post","status-publish","format-standard","has-post-thumbnail","category-sport","tag-ee","tag-eesti","tag-eesti-keel","tag-eric-boullier","tag-estonia","tag-estonian","tag-fia","tag-mohammed-ben-sulayem","tag-rally-estonia","tag-sport","tag-sports","tag-wrc"],"share_on_mastodon":{"url":"https:\/\/pubeurope.com\/@ee\/117190471683165587","error":""},"_links":{"self":[{"href":"https:\/\/www.europesays.com\/ee\/wp-json\/wp\/v2\/posts\/264958","targetHints":{"allow":["GET"]}}],"collection":[{"href":"https:\/\/www.europesays.com\/ee\/wp-json\/wp\/v2\/posts"}],"about":[{"href":"https:\/\/www.europesays.com\/ee\/wp-json\/wp\/v2\/types\/post"}],"author":[{"embeddable":true,"href":"https:\/\/www.europesays.com\/ee\/wp-json\/wp\/v2\/users\/2"}],"replies":[{"embeddable":true,"href":"https:\/\/www.europesays.com\/ee\/wp-json\/wp\/v2\/comments?post=264958"}],"version-history":[{"count":0,"href":"https:\/\/www.europesays.com\/ee\/wp-json\/wp\/v2\/posts\/264958\/revisions"}],"wp:featuredmedia":[{"embeddable":true,"href":"https:\/\/www.europesays.com\/ee\/wp-json\/wp\/v2\/media\/264959"}],"wp:attachment":[{"href":"https:\/\/www.europesays.com\/ee\/wp-json\/wp\/v2\/media?parent=264958"}],"wp:term":[{"taxonomy":"category","embeddable":true,"href":"https:\/\/www.europesays.com\/ee\/wp-json\/wp\/v2\/categories?post=264958"},{"taxonomy":"post_tag","embeddable":true,"href":"https:\/\/www.europesays.com\/ee\/wp-json\/wp\/v2\/tags?post=264958"}],"curies":[{"name":"wp","href":"https:\/\/api.w.org\/{rel}","templated":true}]}}