{"id":264960,"date":"2026-08-31T13:57:25","date_gmt":"2026-08-31T13:57:25","guid":{"rendered":"https:\/\/www.europesays.com\/ee\/264960\/"},"modified":"2026-08-31T13:57:25","modified_gmt":"2026-08-31T13:57:25","slug":"eestisse-rajatav-ai-tehas-meelitab-jargmisi-investoreid-torus-midagi-juba-on","status":"publish","type":"post","link":"https:\/\/www.europesays.com\/ee\/264960\/","title":{"rendered":"Eestisse rajatav AI-tehas meelitab j\u00e4rgmisi investoreid. \u201cTorus midagi juba on\u201d"},"content":{"rendered":"<ul class=\"hero__authors single\">\n<li><img loading=\"lazy\" alt=\"Harro Puusild\" width=\"40\" height=\"40\" decoding=\"async\" data-nimg=\"1\" style=\"color:transparent\"  src=\"https:\/\/ap-cms-prod-podcasts.s3.eu-north-1.amazonaws.com\/puusild_andres-11536831614486.jpeg\"\/>Harro Puusild<\/li>\n<\/ul>\n<p>Peat\u00fckid<\/p>\n<ul class=\"list-chapters\">\n<li>\n<p>00:21<\/p>\n<p>Tehisintellekti tehas Eestis<\/p>\n<\/li>\n<li><\/li>\n<li>\n<p>04:26<\/p>\n<p>Kuidas tehing s\u00fcndis<\/p>\n<\/li>\n<li>\n<p>06:43<\/p>\n<p>Geopoliitika ja energia<\/p>\n<\/li>\n<li>\n<p>11:30<\/p>\n<p>T\u00f6\u00f6kohad ja oskused<\/p>\n<\/li>\n<li><\/li>\n<li>\n<p>15:28<\/p>\n<p>Investeerimiskliima k\u00fcsimus<\/p>\n<\/li>\n<li>\n<p>18:27<\/p>\n<p>Takistused ja l\u00e4bimurre<\/p>\n<\/li>\n<li><\/li>\n<li>\n<p>21:20<\/p>\n<p>AI kasutusvaldkonnad<\/p>\n<\/li>\n<li>\n<p>22:34<\/p>\n<p>Arvutusv\u00f5imsus kui eelis<\/p>\n<\/li>\n<li>\n<p>23:47<\/p>\n<p>Eestist saab uus siht<\/p>\n<\/li>\n<li><\/li>\n<li><\/li>\n<li><\/li>\n<li><\/li>\n<li><\/li>\n<li>\n<p>33:29<\/p>\n<p>Uued huvilised tulevad<\/p>\n<\/li>\n<li>\n<p>34:32<\/p>\n<p>Saidid ja geograafia<\/p>\n<\/li>\n<li><\/li>\n<li>\n<p>37:10<\/p>\n<p>Kliendid p\u00f6\u00f6rduvad ise<\/p>\n<\/li>\n<li>\n<p>38:08<\/p>\n<p>Partnerite ja rahastuse roll<\/p>\n<\/li>\n<li>\n<p>38:45<\/p>\n<p>Loa saamine otsustab<\/p>\n<\/li>\n<li>\n<p>40:44<\/p>\n<p>Regulatsioonid olid korras<\/p>\n<\/li>\n<li>\n<p>42:16<\/p>\n<p>Hirmud suurinvesteeringute ees<\/p>\n<\/li>\n<li>\n<p>43:32<\/p>\n<p>Riigi tugi on v\u00e4ike<\/p>\n<\/li>\n<li>\n<p>44:39<\/p>\n<p>Kiirus meelitab investeeringuid<\/p>\n<\/li>\n<li><\/li>\n<\/ul>\n<p><a href=\"https:\/\/static-img.aripaev.ee\/?type=preview&amp;uuid=4447c7b1-6135-5c87-8fe1-e7de0895a67a\" target=\"_blank\" rel=\"noopener noreferrer nofollow\" class=\"article-image__holder\" style=\"aspect-ratio:1.702127659574468\"><img alt=\"Eestisse rajatav AI-tehas meelitab j\u00e4rgmisi investoreid. \u201cTorus midagi juba on\u201d\" draggable=\"false\" decoding=\"async\" data-nimg=\"fill\" style=\"position:absolute;height:100%;width:100%;left:0;top:0;right:0;bottom:0;color:transparent\"   src=\"https:\/\/www.europesays.com\/ee\/wp-content\/uploads\/2026\/08\/1788184645_561_.jpeg\"\/><\/a><\/p>\n<p>Nebiuse otsus investeerida Eestisse v\u00f5ib l\u00e4hiajal sarnaseid uudiseid veelgi tuua, r\u00e4\u00e4kis AI\u2011tehase investoreid koondava Tensor Estate&#8217;i asutaja Martin Salo.<\/p>\n<p>H\u00fc\u00fcrus alustab t\u00e4navu t\u00f6\u00f6d Baltikumi esimene AI\u2011tehas, mille tarbeks laiendatakse Greenergy andmekeskust ligi 100 miljoni euro eest. Esimeseks suurkliendiks saab USA b\u00f6rsiettev\u00f5te Nebius. Nimeka kliendi t\u00f5i Eestisse kiirus ja Soome l\u00e4hedus, \u00fctles AI\u2011tehase investoreid koondava Tensor Estate&#8217;i asutaja Martin Salo saates \u201cT\u00f6\u00f6stusuudised eetris\u201c.<\/p>\n<p>Nebiuse meelitamiseks tuli siiski m\u00e4ngu panna k\u00f5ik, sest Eesti on andmekeskuste maailmas olnud pigem kui must auk ehk ei olnud teada, mida, kuidas ja millal siin \u00fcldse v\u00f5imalik teha on. \u201cSellega tuli k\u00f5ik otsast peale alustada ja me kulutasime k\u00f5igi uksi, erinevatest operaatorite kuni suuremate teenusepakkujateni v\u00e4lja,\u201c r\u00e4\u00e4kis Salo l\u00e4bir\u00e4\u00e4kimiste tagamaadest. \u201cK\u00f5igepealt tuli Eesti \u00fcldse kaardile panna, et selline koht on olemas ja siin on v\u00f5imalik selliseid asju teha. Samuti tuli r\u00e4\u00e4kida, et siin saaks asju teha kiiremini kui kuskil mujal,\u201c selgitas Salo.<\/p>\n<p>L\u00f5puks saigi suurkliendi jaoks m\u00e4\u00e4ravaks kiirus: Greenergy olemasolev hoone oli t\u00e4pselt selline, et kui teha \u00f5iged investeeringud, on v\u00f5imalik kiiresti suhteliselt suurt mahtu tekitada, m\u00e4rkis Salo.<\/p>\n<p>Idanaaber p\u00e4rsib, Soome toetab<\/p>\n<p>Martin Salo tunnistab, et l\u00e4bir\u00e4\u00e4kimiste \u00fcks raskemaid teemasid oli meie idanaaber, sest kui ettev\u00f5te paigutab kuskile miljardi, siis peab olema kindel, et see raha edasi opereerib ja alles j\u00e4\u00e4b.<\/p>\n<p>\u201cSelles osas on meil Soomega t\u00e4iesti v\u00f5rdne positsioon. Ka seal on vaja investoreid rohkem veenda, et nad oleks n\u00f5us sinna investeerima. Aga Soomes on selles valdkonnas ka \u00e4\u00e4rmiselt suur buum, seal on j\u00e4rjekorras kuni kaheksa gigavati jagu andmekeskusi, millest loomulikult paljud l\u00f5puks p\u00e4evavalgust ei n\u00e4e, aga see n\u00e4itab siiski mastaapi. Kontekst, et sinna paigutatakse raha, tegi selle oluliselt lihtsamaks ka Eestile,\u201c kirjeldas ta.<\/p>\n<p>Andmekeskuste turul valitseb Salo s\u00f5nul tavap\u00e4ra, et kui kuskil ots lahti tehakse ja keskust piirkonda ehitama hakatakse, siis tuleb neid sinna juurde.<\/p>\n<p>\u201cUut regiooni ongi \u00e4\u00e4rmiselt raske tutvustada ja Eesti on kogumahult v\u00e4ga v\u00e4ike. Me ei olnud kuskil andmebaasides sees. Aga n\u00fc\u00fcd ongi ots lahti tehtud ja teatud m\u00f5ttes avas meile ukse Soome edu. Oleme nende jaoks l\u00e4hiregioon ehk Eesti m\u00fc\u00fcmine on t\u00e4nu Soomele olnud kergem,\u201c selgitas Salo.<\/p>\n<p>Ta lisas, et ka Nebiuse Eestisse investeerimise teade t\u00f5i meile head t\u00e4helepanu. \u201cSee n\u00fc\u00fcd n\u00e4itab, et meil on rahvusvaheliselt suured tegijad, kes arendavad gigavatte arvutusv\u00f5imsust. Nebiuse pipeline&#8217;is on viis gigavatti ja terves t\u00f6\u00f6stusharus teatakse, et kui juba sellise mahuga ettev\u00f5tted tulevad, siis see ei j\u00e4\u00e4 ka viimaseks. Eesti on n\u00fc\u00fcd uus koht, kuhu v\u00f5iks seda t\u00f6\u00f6stust n\u00fc\u00fcd laiendama tulla.\u201c<\/p>\n<p>Salo tunnistas, et sarnaseid uudiseid v\u00f5ibki l\u00e4hiajal veelgi tulla, aga midagi konkreetset praegu \u00f6elda ei saa. \u201cHetkel veel jagada ei saa, aga t\u00f6\u00f6 selle nimel k\u00e4ib. Torus midagi juba on,\u201c poetas ta.<\/p>\n<p>Saadet juhtis Harro Puusild.<\/p>\n<p>Pildil Martin Salo. Autor: Harro Puusild<\/p>\n<ul class=\"article-footer__authors single\">\n<li><img loading=\"lazy\" alt=\"Harro Puusild\" width=\"40\" height=\"40\" decoding=\"async\" data-nimg=\"1\" style=\"color:transparent\"  src=\"https:\/\/ap-cms-prod-podcasts.s3.eu-north-1.amazonaws.com\/puusild_andres-11536831614486.jpeg\"\/>Harro Puusild<\/li>\n<\/ul>\n","protected":false},"excerpt":{"rendered":"Harro Puusild Peat\u00fckid 00:21 Tehisintellekti tehas Eestis 04:26 Kuidas tehing s\u00fcndis 06:43 Geopoliitika ja energia 11:30 T\u00f6\u00f6kohad ja&hellip;\n","protected":false},"author":2,"featured_media":264961,"comment_status":"","ping_status":"","sticky":false,"template":"","format":"standard","meta":{"footnotes":"","_share_on_mastodon":"0"},"categories":[14],"tags":[131,130,37,33,35,34,36],"class_list":["post-264960","post","type-post","status-publish","format-standard","has-post-thumbnail","category-ari","tag-ari","tag-business","tag-ee","tag-eesti","tag-eesti-keel","tag-estonia","tag-estonian"],"share_on_mastodon":{"url":"https:\/\/pubeurope.com\/@ee\/117190475680576731","error":""},"_links":{"self":[{"href":"https:\/\/www.europesays.com\/ee\/wp-json\/wp\/v2\/posts\/264960","targetHints":{"allow":["GET"]}}],"collection":[{"href":"https:\/\/www.europesays.com\/ee\/wp-json\/wp\/v2\/posts"}],"about":[{"href":"https:\/\/www.europesays.com\/ee\/wp-json\/wp\/v2\/types\/post"}],"author":[{"embeddable":true,"href":"https:\/\/www.europesays.com\/ee\/wp-json\/wp\/v2\/users\/2"}],"replies":[{"embeddable":true,"href":"https:\/\/www.europesays.com\/ee\/wp-json\/wp\/v2\/comments?post=264960"}],"version-history":[{"count":0,"href":"https:\/\/www.europesays.com\/ee\/wp-json\/wp\/v2\/posts\/264960\/revisions"}],"wp:featuredmedia":[{"embeddable":true,"href":"https:\/\/www.europesays.com\/ee\/wp-json\/wp\/v2\/media\/264961"}],"wp:attachment":[{"href":"https:\/\/www.europesays.com\/ee\/wp-json\/wp\/v2\/media?parent=264960"}],"wp:term":[{"taxonomy":"category","embeddable":true,"href":"https:\/\/www.europesays.com\/ee\/wp-json\/wp\/v2\/categories?post=264960"},{"taxonomy":"post_tag","embeddable":true,"href":"https:\/\/www.europesays.com\/ee\/wp-json\/wp\/v2\/tags?post=264960"}],"curies":[{"name":"wp","href":"https:\/\/api.w.org\/{rel}","templated":true}]}}