{"id":264966,"date":"2026-08-31T14:00:20","date_gmt":"2026-08-31T14:00:20","guid":{"rendered":"https:\/\/www.europesays.com\/ee\/264966\/"},"modified":"2026-08-31T14:00:20","modified_gmt":"2026-08-31T14:00:20","slug":"nepalis-kaib-voidujooks-ajaga-ule-900-inimese-voib-olla-uleujutustes-tunnelitesse-loksu-jaanud-maailm-postimees-ee","status":"publish","type":"post","link":"https:\/\/www.europesays.com\/ee\/264966\/","title":{"rendered":"Nepalis k\u00e4ib v\u00f5idujooks ajaga: \u00fcle 900 inimese v\u00f5ib olla \u00fcleujutustes tunnelitesse l\u00f5ksu j\u00e4\u00e4nud &#8211; Maailm &#8211; Postimees.ee"},"content":{"rendered":"<ol>\n<li><a href=\"https:\/\/news.google.com\/rss\/articles\/CBMiygFBVV95cUxOei0tWjRRTzJkS29yaS1rdUNLNXAxVFBhV0JzQjNBMXBOWmJQLUcyU0lOWE9naTlPSVNJcllMOEdkeW9EV0UydGtLUkZXYWpBOWRJZ0xGbG1zbVI4N2RDTTdaQ3EtZW9oeEE5RkI3WFI2X25YaHhOSXZBeUtlei1aV09iZTVHbmdxeHRQSVl1bDhLb19HeTVzbzFfMFhWVFR2WmlKZWw2bnRiYktNNFBpMmE4VGY3Nmw0Y2VzbXhEWmROaVN4cjhFeDVn?oc=5\" target=\"_blank\" rel=\"nofollow noopener\">Nepalis k\u00e4ib v\u00f5idujooks ajaga: \u00fcle 900 inimese v\u00f5ib olla \u00fcleujutustes tunnelitesse l\u00f5ksu j\u00e4\u00e4nud<\/a>&nbsp;&nbsp;Maailm &#8211; Postimees.ee<\/li>\n<li><a href=\"https:\/\/news.google.com\/rss\/articles\/CBMitwFBVV95cUxNelBLYV9EWERwR3UwRE5aa2l1aG9hbFNMaTM5Vk8wQ0swMFRXR3NzRFVHckZtVG9NVzk4bjhhVkVqazc4bDVMZEhqbzZ0U2NGN0hKTWczRDJSYmt3ajQxLXlNbzZUMmZzQWFjazNiR21mWG1tS2FxTVlaR1hQcExxVjFyaFE5Ym4tTHVrSEx6cEF2Y0xrYUtRVWpISzJ0NlhBRlNlZGQxUmdaM2JLOGYwYWVsVG5lRlU?oc=5\" target=\"_blank\" rel=\"nofollow noopener\">Delfi<\/a>&nbsp;&nbsp;Delfi<\/li>\n<li><a href=\"https:\/\/news.google.com\/rss\/articles\/CBMiogFBVV95cUxNWFRwX21vWGRPb19SRmVqaWtBenlBdTQ1ellvQlVGM2FUR0xxRHI4eUdiSlN1c2NiOWRXcm5VVlJENlI2T3lYelNpNGZuYmlMdEx3UmE3OHVsNi1lTnRrTDN3Y0RvTnl0b3J4RW9waE5zVk1hMXlDUkZqOW5ORWNDNjFMeVRkazRYRjJCZF91TU5TSHc4SHQ5ZFdoNHJhLUwydlE?oc=5\" target=\"_blank\" rel=\"nofollow noopener\">P\u00e4\u00e4stet\u00f6\u00f6d j\u00e4tkuvad: kahe Nepalis kadunud eestlase saatus on teadmata<\/a>&nbsp;&nbsp;\u00d5htuleht<\/li>\n<li><a href=\"https:\/\/news.google.com\/rss\/articles\/CBMiuwFBVV95cUxNcTg3WExKQVJCLXlsdFFOTGxtMzVWRHc2c1hLS05WTjRaVWs4cU13TEwtYl9TVVpkVnJ5VTFWbUFLemxncmEyOVBvQWNNekl5bVVhWmtaTzhMcDF0czYweVJGUklFN0pWOXIxUzZHdVpwV2JtTDh1ZmxmX3FwMUE2QVpTWFpnRGswQU5aNWJZR2Q4bWY3S2ZyLXBoeFhubGNZUVRPQzJCVmh6ZHRMeG40bGNhdmtmVE8tX2R3?oc=5\" target=\"_blank\" rel=\"nofollow noopener\">Nepal otsib ligi 3000 kadunut ja valmistub miljarditesse ulatuvateks kuludeks<\/a>&nbsp;&nbsp;\u00c4rip\u00e4ev<\/li>\n<li><a href=\"https:\/\/news.google.com\/rss\/articles\/CBMiogFBVV95cUxOSG1oZGpyVzNmeTVvMGhqX24xdFRQN2xkbEtHRERTblV5RFBid25kVEQySy15Q01yYWlFN2RDOGdYZkc4NjRsdWptdnZjMUpNbmc3bkZkenNLa3A1aVZoUlZNV25xOEtSdnJiZmxIbzlOMkgyODVFcjVmWXF3LVg3UUNocVF0SVJzMF9PcXRhM183RTRGRDhuRFB2NGxqREg0WkE?oc=5\" target=\"_blank\" rel=\"nofollow noopener\">TV3 uudised: Nepalis j\u00e4i kaks eestlast teadmata kadunuks<\/a>&nbsp;&nbsp;tv3.ee<\/li>\n<\/ol>\n","protected":false},"excerpt":{"rendered":"Nepalis k\u00e4ib v\u00f5idujooks ajaga: \u00fcle 900 inimese v\u00f5ib olla \u00fcleujutustes tunnelitesse l\u00f5ksu j\u00e4\u00e4nud&nbsp;&nbsp;Maailm &#8211; Postimees.ee Delfi&nbsp;&nbsp;Delfi P\u00e4\u00e4stet\u00f6\u00f6d j\u00e4tkuvad:&hellip;\n","protected":false},"author":2,"featured_media":264967,"comment_status":"","ping_status":"","sticky":false,"template":"","format":"standard","meta":{"footnotes":"","_share_on_mastodon":"0"},"categories":[5],"tags":[102894,26,27,37,33,35,34,36,31,32,21,326,8381,1207,28,29,6901,8146,19,25,8145,23,24,22,10518,20,30],"class_list":["post-264966","post","type-post","status-publish","format-standard","has-post-thumbnail","category-uldised-uudised","tag-akktulv","tag-breaking-news","tag-breakingnews","tag-ee","tag-eesti","tag-eesti-keel","tag-estonia","tag-estonian","tag-featured-news","tag-featurednews","tag-headlines","tag-hiina","tag-himaalaja","tag-india","tag-latest-news","tag-latestnews","tag-looduskatastroof","tag-nepal","tag-news","tag-populaarseimad-lood","tag-tiibet","tag-top-stories","tag-topstories","tag-uldised-uudised","tag-uleujutus","tag-uudised","tag-viimased-uudised"],"share_on_mastodon":{"url":"https:\/\/pubeurope.com\/@ee\/117190487387771144","error":""},"_links":{"self":[{"href":"https:\/\/www.europesays.com\/ee\/wp-json\/wp\/v2\/posts\/264966","targetHints":{"allow":["GET"]}}],"collection":[{"href":"https:\/\/www.europesays.com\/ee\/wp-json\/wp\/v2\/posts"}],"about":[{"href":"https:\/\/www.europesays.com\/ee\/wp-json\/wp\/v2\/types\/post"}],"author":[{"embeddable":true,"href":"https:\/\/www.europesays.com\/ee\/wp-json\/wp\/v2\/users\/2"}],"replies":[{"embeddable":true,"href":"https:\/\/www.europesays.com\/ee\/wp-json\/wp\/v2\/comments?post=264966"}],"version-history":[{"count":0,"href":"https:\/\/www.europesays.com\/ee\/wp-json\/wp\/v2\/posts\/264966\/revisions"}],"wp:featuredmedia":[{"embeddable":true,"href":"https:\/\/www.europesays.com\/ee\/wp-json\/wp\/v2\/media\/264967"}],"wp:attachment":[{"href":"https:\/\/www.europesays.com\/ee\/wp-json\/wp\/v2\/media?parent=264966"}],"wp:term":[{"taxonomy":"category","embeddable":true,"href":"https:\/\/www.europesays.com\/ee\/wp-json\/wp\/v2\/categories?post=264966"},{"taxonomy":"post_tag","embeddable":true,"href":"https:\/\/www.europesays.com\/ee\/wp-json\/wp\/v2\/tags?post=264966"}],"curies":[{"name":"wp","href":"https:\/\/api.w.org\/{rel}","templated":true}]}}