{"id":264972,"date":"2026-08-31T14:09:07","date_gmt":"2026-08-31T14:09:07","guid":{"rendered":"https:\/\/www.europesays.com\/ee\/264972\/"},"modified":"2026-08-31T14:09:07","modified_gmt":"2026-08-31T14:09:07","slug":"leedu-president-cia-juhi-moskva-visiidist-loodan-et-sonum-joudis-oigel-ajal","status":"publish","type":"post","link":"https:\/\/www.europesays.com\/ee\/264972\/","title":{"rendered":"Leedu president CIA juhi Moskva-visiidist: loodan, et s\u00f5num j\u00f5udis \u00f5igel ajal"},"content":{"rendered":"<p class=\"isSelectedEnd\">CIA direktor John Ratcliffe k\u00e4is eelmisel n\u00e4dalal Moskvas kohtumistel. Wall Street Journali ja CBS Newsi andmetel oli tema eesm\u00e4rk muu seas                           veenda Venemaad hoiduma <a rel=\"noopener nofollow\" target=\"_blank\" href=\"https:\/\/www.delfi.ee\/teema\/24581263\/nato\" tag-id=\"24581263\">NATO<\/a> liikmesriikide r\u00fcndamisest.      USA luurehinnangute j\u00e4rgi v\u00f5ib Moskva kaaluda NATO otsusekindluse proovilepanekut. CIA ise keeldus visiiti kommenteerimast.<\/p>\n<p class=\"isSelectedEnd\">Naus\u0117da \u00fctles esmasp\u00e4eval ajakirjanikele, et Leedul pole CIA juhi Moskva-visiidi p\u00e4rast p\u00f5hjust muretseda.<\/p>\n<p class=\"isSelectedEnd\">\u201eLiitlased teavitavad meid vestluste sisust. Meid teavitati ka sellest, et kohtumine Moskvas toimub. K\u00f5ik on korras, kuid austades seda, et USA ei soovi kohtumise sisu avalikustada, peame kinni kokkulepitud korrast,\u201c \u00fctles Naus\u0117da.<\/p>\n<p class=\"isSelectedEnd\">\u201ePraegu v\u00f5in \u00f6elda, et kohtumine t\u00e4itis sellele seatud eesm\u00e4rke. Selle eesm\u00e4rk oli v\u00e4hendada pingeid piirkonnas. Loodan v\u00e4ga, et see s\u00f5num j\u00f5udis Kremli re\u017eiimini just \u00f5igel ajal,\u201c lisas ta.<\/p>\n<p class=\"isSelectedEnd\">Leedu presidendi s\u00f5nul ei muuda visiit kuidagi riigi valmisolekut v\u00f5imalike ohtudega toime tulla. \u201e\u00dcldiselt arvan, et sellele kohtumisele p\u00f6\u00f6ratakse natuke liiga palju t\u00e4helepanu,\u201c m\u00e4rkis Naus\u0117da.<\/p>\n<p class=\"isSelectedEnd\">Ta m\u00f6\u00f6nis, et kohtumine oli oluline ja sedalaadi visiite ei toimu sageli, kuid \u00fcldine julgeolekuolukord pole tema hinnangul muutunud.<\/p>\n<p class=\"isSelectedEnd\">\u201e\u00dcldine julgeolekuolukord on pingeline, seda ei kavatse keegi eitada. Kas pinged on viimasel ajal j\u00e4rsult kasvanud? Sellega ma ei n\u00f5ustuks,\u201c \u00fctles Naus\u0117da.<\/p>\n<p class=\"isSelectedEnd\">Tema s\u00f5nul on olukord olnud terav sellest ajast saadik, kui Ukraina on hakanud andma Venemaale tugevaid l\u00f6\u00f6ke s\u00fcgaval riigi territooriumil.<\/p>\n<p>\u201eSee surub Kremli re\u017eiimi teatud m\u00f5ttes nurka. Nagu te teate, v\u00f5ib nurka surutu alati proovida vastu l\u00fc\u00fca ja tekitada t\u00e4iendava ohu. Just selleks ongi NATO ja USA \u2013 et me k\u00f5ik koos selle ohu ennek\u00f5ike \u00e4ra hoiaksime,\u201c \u00fctles Leedu president.<\/p>\n<p><a href=\"http:\/\/www.delfi.ee\/artikkel\/120607023\/axios-cia-juht-tegi-moskva-visiidil-ettepaneku-korraldada-putini-trumpi-ja-zelenskoi-kohtumine#dalrel-in-article\" class=\"content-embedded-articles-double__embedded-article\" data-v-a517420a=\"\" rel=\"nofollow noopener\" target=\"_blank\"><\/p>\n<p>30.08.2026<\/p>\n<p>Axios: CIA juht tegi Moskva visiidil ettepaneku korraldada Putini, Trumpi ja Zelensk\u00f5i kohtumine(34)<\/p>\n<p><\/a><a href=\"http:\/\/www.delfi.ee\/artikkel\/120607018\/tusk-vene-ohust-jargmised-kuus-kuud-saavad-otsustavaks#dalrel-in-article\" class=\"content-embedded-articles-double__embedded-article\" data-v-a517420a=\"\" rel=\"nofollow noopener\" target=\"_blank\"><\/p>\n<p>30.08.2026<\/p>\n<p>Tusk Vene ohust NATOle: j\u00e4rgmised kuus kuud saavad otsustavaks(179)<\/p>\n<p><\/a>Kuidas see lugu Sind end tundma pani?Saada<a href=\"https:\/\/www.delfi.ee\/artikkel\/120607372\/leedu-president-cia-juhi-moskva-visiidist-loodan-et-sonum-joudis-oigel-ajal\/kommentaarid\" class=\"button button--primary button--size-auto article-body-bottom__comment article-body-bottom__comment--write\" style=\"\" rel=\"nofollow noopener\" target=\"_blank\">Kommenteeri<\/a><a href=\"https:\/\/www.delfi.ee\/artikkel\/120607372\/leedu-president-cia-juhi-moskva-visiidist-loodan-et-sonum-joudis-oigel-ajal\/kommentaarid\" class=\"button button--size-auto article-body-bottom__comment article-body-bottom__comment--read\" style=\"\" rel=\"nofollow noopener\" target=\"_blank\">Loe kommentaare (16)<\/a><\/p>\n","protected":false},"excerpt":{"rendered":"CIA direktor John Ratcliffe k\u00e4is eelmisel n\u00e4dalal Moskvas kohtumistel. Wall Street Journali ja CBS Newsi andmetel oli tema&hellip;\n","protected":false},"author":2,"featured_media":264973,"comment_status":"","ping_status":"","sticky":false,"template":"","format":"standard","meta":{"footnotes":"","_share_on_mastodon":"0"},"categories":[80],"tags":[26,27,6480,37,33,35,34,36,31,32,4139,21,38351,498,28,29,115,95,108,54,19,25,23,24,22,20,30,92,93,94],"class_list":["post-264972","post","type-post","status-publish","format-standard","has-post-thumbnail","category-maailm","tag-breaking-news","tag-breakingnews","tag-cia","tag-ee","tag-eesti","tag-eesti-keel","tag-estonia","tag-estonian","tag-featured-news","tag-featurednews","tag-gitanas-nauseda","tag-headlines","tag-john-ratcliffe","tag-julgeolek","tag-latest-news","tag-latestnews","tag-leedu","tag-maailm","tag-moskva","tag-nato","tag-news","tag-populaarseimad-lood","tag-top-stories","tag-topstories","tag-uldised-uudised","tag-uudised","tag-viimased-uudised","tag-world","tag-world-news","tag-worldnews"],"share_on_mastodon":{"url":"https:\/\/pubeurope.com\/@ee\/117190522817486066","error":""},"_links":{"self":[{"href":"https:\/\/www.europesays.com\/ee\/wp-json\/wp\/v2\/posts\/264972","targetHints":{"allow":["GET"]}}],"collection":[{"href":"https:\/\/www.europesays.com\/ee\/wp-json\/wp\/v2\/posts"}],"about":[{"href":"https:\/\/www.europesays.com\/ee\/wp-json\/wp\/v2\/types\/post"}],"author":[{"embeddable":true,"href":"https:\/\/www.europesays.com\/ee\/wp-json\/wp\/v2\/users\/2"}],"replies":[{"embeddable":true,"href":"https:\/\/www.europesays.com\/ee\/wp-json\/wp\/v2\/comments?post=264972"}],"version-history":[{"count":0,"href":"https:\/\/www.europesays.com\/ee\/wp-json\/wp\/v2\/posts\/264972\/revisions"}],"wp:featuredmedia":[{"embeddable":true,"href":"https:\/\/www.europesays.com\/ee\/wp-json\/wp\/v2\/media\/264973"}],"wp:attachment":[{"href":"https:\/\/www.europesays.com\/ee\/wp-json\/wp\/v2\/media?parent=264972"}],"wp:term":[{"taxonomy":"category","embeddable":true,"href":"https:\/\/www.europesays.com\/ee\/wp-json\/wp\/v2\/categories?post=264972"},{"taxonomy":"post_tag","embeddable":true,"href":"https:\/\/www.europesays.com\/ee\/wp-json\/wp\/v2\/tags?post=264972"}],"curies":[{"name":"wp","href":"https:\/\/api.w.org\/{rel}","templated":true}]}}