{"id":264976,"date":"2026-08-31T14:11:15","date_gmt":"2026-08-31T14:11:15","guid":{"rendered":"https:\/\/www.europesays.com\/ee\/264976\/"},"modified":"2026-08-31T14:11:15","modified_gmt":"2026-08-31T14:11:15","slug":"vutiportaali-hinnangul-oli-hein-suures-kaotusmangus-werderi-uks-parimaid-parandatud-soccernet-ee","status":"publish","type":"post","link":"https:\/\/www.europesays.com\/ee\/264976\/","title":{"rendered":"Vutiportaali hinnangul oli Hein suures kaotusm\u00e4ngus Werderi \u00fcks parimaid (parandatud!) &#8211; Soccernet.ee"},"content":{"rendered":"<p><img decoding=\"async\" src=\"https:\/\/www.europesays.com\/ee\/wp-content\/uploads\/2026\/08\/1788185475_845_1788105680.jpg\" alt=\"Karl Jakob Hein lasi hooaja avam\u00e4ngus neli v\u00e4ravat. Foto: Scanpix \/ picture alliance \/ BEAUTIFUL SPORT\"\/>&#13;\n<\/p>\n<p>Bremeni Werder alustas Saksamaa k\u00f5rgliigahooaega 1:4 kaotusega Freiburgile. Werderist kirjutav jalgpaliportaal Deich Stube andis Karl Jakob Heinale meeskonna \u00fche parima hinde.<\/p>\n<p>Portaal kirjutas, et Eesti koondise v\u00e4ravavaht pidi esialgu v\u00e4ga v\u00e4he m\u00e4ngu sekkuma. 0:1 v\u00e4rava puhul m\u00e4ngiti ta l\u00e4hil\u00f6\u00f6giga \u00fcle ning Deich Stube leidis, et selles v\u00e4ravas tal polnud s\u00fc\u00fcd. Teise, kolmanda ja neljanda v\u00e4rava puhul oli ta portaali hinnangul v\u00f5imetu ning selle tulemusena nimetati kaotusm\u00e4ng Heinale kibedaks p\u00e4rastl\u00f5unaks. P\u00f5hjenduse l\u00f5pus toodi esile Heina 82. minuti &#8220;ilusat t\u00f5rjet&#8221;, mist\u00f5ttu sai eestlase esitus hinde 3,5.&#13;\n<\/p>\n<p>Deich Stube ei hinnanud mitte \u00fchegi Werderi m\u00e4ngija esitust tagurpidi kuue palli s\u00fcsteemis alla kolme. Ebaharilikus Saksamaa hindamis\u00fcsteemis t\u00e4histab v\u00e4iksem number paremat hinnet ja suurem vastupidiselt halvemat. Heinast parema hinde sai vaid Werderi ainsa v\u00e4rava autor Dariusz Stalmach, kes sekkus m\u00e4ngu teisel poolajal. Portaal kirjutas, et Stalmach n\u00e4gi platsil olles Freiburgi kaht v\u00e4ravat, enne kui l\u00f5i ise \u00fche vastu, mis aga osutus t\u00e4htsusetuks.&#13;\n<\/p>\n<p>Seevastu m\u00e4ngijad, kellel n\u00e4hti s\u00fc\u00fcd v\u00e4ravaolukordades v\u00f5i v\u00e4ravav\u00f5imaluste luhtamises, said k\u00f5rgemaid ehk halvemaid hindeid. N\u00e4iteks kapten Marco Freidl saanuks portaali hinnangul teise ja kolmanda v\u00e4rava puhul paremini tegutseda ja seet\u00f5ttu hinnati tema esitust viiele. Sama number jagati Niclas F\u00fcllkrugile, kes ei suutnud selgituse kohaselt palle kaaslastele j\u00e4tkata ning j\u00e4ttis 57. minutil kasutamata suurep\u00e4rase v\u00f5imaluse.<\/p>\n<p>Kickeri reporter Tim L\u00fcddecke kirjutas m\u00e4ngu j\u00e4rel, et Werderi atmosf\u00e4\u00e4r l\u00e4ks j\u00e4rsult pingeliseks. Tema s\u00f5nul oli mullu napilt p\u00fcsima j\u00e4\u00e4nud meeskonnal p\u00f5hjust optimismiks, kuna hooaja ettevalmistus oli korralik ja meeskonda toodi uusi t\u00e4iendusi eesotsas F\u00fcllkrugiga. Hooaja avam\u00e4nguga kadus optimism t\u00e4ielikult, leiab L\u00fcddecke. Ta selgitas, et Werder p\u00f5rus individuaalsete eksimustega ja oli h\u00e4das kaitse koordineerimisega, mis meenutas eelmise hooaja ebameeldivaid m\u00e4lestusi.&#13;\n<\/p>\n<p>Werderi peatreener Daniel Thioune r\u00e4\u00e4kis m\u00e4ngu j\u00e4rel klubi kodulehe vahendusel, et tema meeskond ei suutnud avav\u00e4ravast toibuda. Ta lisas, et Freiburg on t\u00e4navu m\u00e4nginud juba mitu v\u00f5istluskohtumist ning oli seet\u00f5ttu Werderist paremas vormis. &#8220;Kaotasime mineku enne vaheaga. Me pole veel nii treenitud kui Freiburg. Peame s\u00e4ilitama intensiivsuse kogu 90 minuti v\u00e4ltel ja hoidma rohkem palli. See peab paranema Leipzigi vastu,&#8221; lausus Thioune.&#13;\n<\/p>\n<p>Kapten Freidl leidis, et nad lasid endale avapoolajal l\u00fc\u00fca liiga lihtsad v\u00e4ravad ning esitust tuleb parandada. F\u00fcllkrug lisas, et Werder alustas kohtumist h\u00e4sti, kuid j\u00e4i nurgal\u00f6\u00f6gi j\u00e4rel tagaajaja rolli. Kogenud r\u00fcndaja s\u00f5nul pole meeskond hooaja alguses \u00fchel lainel. &#8220;Oli selge, et meie mustrid pole veel t\u00e4ielikult juurdunud. Peame kiiresti arendama teineteise vahelist arusaamist v\u00e4ljakul,&#8221; r\u00f5hutas F\u00fcllkrug.&#13;\n<\/p>\n<p>Werder m\u00e4ngib laup\u00e4eval hooaja esimese kodukohtumise, kui Leipzigit v\u00f5\u00f5rustatakse Eesti aja j\u00e4rgi kell 16.30. Heina koduklubi n\u00e4dalavahetuse vastane alustas hooaega 3:0 v\u00f5iduga M\u00f6nchengladbachi Borussia vastu.<\/p>\n","protected":false},"excerpt":{"rendered":"&#13; Bremeni Werder alustas Saksamaa k\u00f5rgliigahooaega 1:4 kaotusega Freiburgile. Werderist kirjutav jalgpaliportaal Deich Stube andis Karl Jakob Heinale&hellip;\n","protected":false},"author":2,"featured_media":264977,"comment_status":"","ping_status":"","sticky":false,"template":"","format":"standard","meta":{"footnotes":"","_share_on_mastodon":"0"},"categories":[5],"tags":[26,27,527,96129,102843,37,33,35,34,36,31,32,528,102844,99697,21,532,7782,536,102845,28,29,5043,19,99698,25,96130,23,24,22,20,30],"class_list":["post-264976","post","type-post","status-publish","format-standard","has-post-thumbnail","category-uldised-uudised","tag-breaking-news","tag-breakingnews","tag-bundesliga","tag-daniel-thioune","tag-deich-stube","tag-ee","tag-eesti","tag-eesti-keel","tag-estonia","tag-estonian","tag-featured-news","tag-featurednews","tag-freiburg","tag-friedl","tag-fullkrug","tag-headlines","tag-hein","tag-karl-hein","tag-karl-jakob-hein","tag-kicker","tag-latest-news","tag-latestnews","tag-marco-friedl","tag-news","tag-niclas-fullkrug","tag-populaarseimad-lood","tag-thioune","tag-top-stories","tag-topstories","tag-uldised-uudised","tag-uudised","tag-viimased-uudised"],"share_on_mastodon":{"url":"https:\/\/pubeurope.com\/@ee\/117190530950581360","error":""},"_links":{"self":[{"href":"https:\/\/www.europesays.com\/ee\/wp-json\/wp\/v2\/posts\/264976","targetHints":{"allow":["GET"]}}],"collection":[{"href":"https:\/\/www.europesays.com\/ee\/wp-json\/wp\/v2\/posts"}],"about":[{"href":"https:\/\/www.europesays.com\/ee\/wp-json\/wp\/v2\/types\/post"}],"author":[{"embeddable":true,"href":"https:\/\/www.europesays.com\/ee\/wp-json\/wp\/v2\/users\/2"}],"replies":[{"embeddable":true,"href":"https:\/\/www.europesays.com\/ee\/wp-json\/wp\/v2\/comments?post=264976"}],"version-history":[{"count":0,"href":"https:\/\/www.europesays.com\/ee\/wp-json\/wp\/v2\/posts\/264976\/revisions"}],"wp:featuredmedia":[{"embeddable":true,"href":"https:\/\/www.europesays.com\/ee\/wp-json\/wp\/v2\/media\/264977"}],"wp:attachment":[{"href":"https:\/\/www.europesays.com\/ee\/wp-json\/wp\/v2\/media?parent=264976"}],"wp:term":[{"taxonomy":"category","embeddable":true,"href":"https:\/\/www.europesays.com\/ee\/wp-json\/wp\/v2\/categories?post=264976"},{"taxonomy":"post_tag","embeddable":true,"href":"https:\/\/www.europesays.com\/ee\/wp-json\/wp\/v2\/tags?post=264976"}],"curies":[{"name":"wp","href":"https:\/\/api.w.org\/{rel}","templated":true}]}}