{"id":264986,"date":"2026-08-31T14:22:20","date_gmt":"2026-08-31T14:22:20","guid":{"rendered":"https:\/\/www.europesays.com\/ee\/264986\/"},"modified":"2026-08-31T14:22:20","modified_gmt":"2026-08-31T14:22:20","slug":"pikk-ette-ja-ise-jarele-miks-paide-loodud-varavaid-ei-tahista-soccernet-ee","status":"publish","type":"post","link":"https:\/\/www.europesays.com\/ee\/264986\/","title":{"rendered":"Pikk ette (ja ise j\u00e4rele) | Miks Paide l\u00f6\u00f6dud v\u00e4ravaid ei t\u00e4hista? &#8211; Soccernet.ee"},"content":{"rendered":"<p>&#13;\n<\/p>\n<p>Soccernet.ee taskuh\u00e4\u00e4lingusaate &#8220;Pikk ette (ja ise j\u00e4rele)&#8221; 395. osa v\u00f5tab kokku tormilise n\u00e4dala kodustel meistriv\u00f5istlustel ning piilub ka piiri taha, r\u00e4\u00e4kides nii Eesti treeneritest kui m\u00e4ngijatest v\u00e4lismaal. Saate tegid Raul Ojassaar, Kristjan Jaak Kangur ja Markus J\u00fcrgenson.<\/p>\n<p>Premium liigas pakkus enim k\u00f5neainet FC Flora, kes sai \u00fche n\u00e4dalaga kaks \u00fcsna eriilmelist kaotust. N\u00e4dala sees j\u00e4\u00e4di v\u00f5\u00f5rsil Tartu Tammekale \u00fcsna selgelt m\u00e4nguliselt alla, n\u00e4dalavahetusel Paide vastu oldi l\u00e4hedal isegi v\u00f5idule, kuid m\u00e4ngu l\u00f5puga kallutas Paide verinoore Flora vastu m\u00e4ngu enda kasuks. Miks on Flora l\u00e4inud seda teed, et andnud \u00fcht\u00e4kki deb\u00fc\u00fcte v\u00e4ga paljudele noorm\u00e4ngijatele?\u00a0&#13;\n<\/p>\n<p>Paide puhul hakkas saatejuhtidele nii n\u00e4dalasiseses karikam\u00e4ngus kui ka mat\u0161is Flora vastu silma, et m\u00e4ngijad ei paistnud olulistest v\u00e4ravatest justkui r\u00f5\u00f5mu tundvat. Miks v\u00f5is see nii olla?<\/p>\n<p>Flora ja Paide ei saa end tabelis aga sugugi mugavalt tunda, sest tagantpoolt tuleb hirmsa hooga Tartu Tammeka. Kas tartlased suudavad end medalim\u00e4ngu v\u00f5idelda? Kas rohkem tuleks muret tunda FC Kuressaare, P\u00e4rnu Vapruse v\u00f5i N\u00f5mme Unitedi p\u00e4rast? M\u00f5istagi tuleb juttu ka teistest Premium liiga m\u00e4ngudest ja meeskondadest, lisaks ka Esiliigast ja naiste Meistriliigast.&#13;\n<\/p>\n<p>Samuti r\u00e4\u00e4gitakse FK Liepaja treenerivahetusest, Patrik Kristali v\u00f5imalikust \u00fcleminekust, Karl Jakob Heina hooaja algusest ja paljust muust. Vaatajak\u00fcsimuste rubriigis puudutatakse muuhulgas Inglismaa jalgpalli \u00fcleminekusummasid, P\u00e4rnu Vapruse endist peatreenerit ja seda, miks Eesti klubidel ei ole kolmandat m\u00e4nguvormi.&#13;\n<\/p>\n<p>Saatekava:&#13;\n<\/p>\n<p>00:50 Tammeka-Flora<br \/>&#13;<br \/>\n09:25 United-Harju<br \/>&#13;<br \/>\n15:55 Kuressaare-Vaprus<br \/>&#13;<br \/>\n21:55 Kalju-Levadia<br \/>&#13;<br \/>\n30:17 Levadia-Paide karikam\u00e4ng<br \/>&#13;<br \/>\n36:40 Flora-Paide. Miks Paide nii v\u00e4he t\u00e4histab?<br \/>&#13;<br \/>\n49:40 Flora olukorrast<br \/>&#13;<br \/>\n1:05:25 Trans-Tammeka<br \/>&#13;<br \/>\n1:14:15 Ennustus<br \/>&#13;<br \/>\n1:19:15 Esiliiga<br \/>&#13;<br \/>\n1:23:00 Naiste Meistriliiga<br \/>&#13;<br \/>\n1:28:40 V\u00e4ikese karika finaal<br \/>&#13;<br \/>\n1:34:20 Vladimir Vassiljev lahkus Liepajast<br \/>&#13;<br \/>\n1:39:40 V\u00e4liseestlased: Hein, Kristal, K\u00e4it, Paskot\u0161i<br \/>&#13;<br \/>\n1:47:50 N\u00e4dala loetuim uudis<br \/>&#13;<br \/>\n1:49:10 Vaatajate k\u00fcsimused&#13;\n<\/p>\n<p>&#13;<\/p>\n","protected":false},"excerpt":{"rendered":"&#13; Soccernet.ee taskuh\u00e4\u00e4lingusaate &#8220;Pikk ette (ja ise j\u00e4rele)&#8221; 395. osa v\u00f5tab kokku tormilise n\u00e4dala kodustel meistriv\u00f5istlustel ning piilub&hellip;\n","protected":false},"author":2,"featured_media":264987,"comment_status":"","ping_status":"","sticky":false,"template":"","format":"standard","meta":{"footnotes":"","_share_on_mastodon":"0"},"categories":[5],"tags":[26,27,1587,37,33,35,34,36,161,31,32,163,21,7231,28,29,19,907,62900,501,19279,921,5971,25,167,1465,23,24,1588,22,20,30,12485],"class_list":["post-264986","post","type-post","status-publish","format-standard","has-post-thumbnail","category-uldised-uudised","tag-breaking-news","tag-breakingnews","tag-curro-torres","tag-ee","tag-eesti","tag-eesti-keel","tag-estonia","tag-estonian","tag-fc-flora","tag-featured-news","tag-featurednews","tag-flora","tag-headlines","tag-kristal","tag-latest-news","tag-latestnews","tag-news","tag-paide","tag-paide-iii","tag-paide-linnameeskond","tag-paide-lm","tag-patrik-kristal","tag-pikk-ette","tag-populaarseimad-lood","tag-premium-liiga","tag-tallinna-fc-flora","tag-top-stories","tag-topstories","tag-torres","tag-uldised-uudised","tag-uudised","tag-viimased-uudised","tag-vladimir-vassiljev"],"share_on_mastodon":{"url":"https:\/\/pubeurope.com\/@ee\/117190573779761920","error":""},"_links":{"self":[{"href":"https:\/\/www.europesays.com\/ee\/wp-json\/wp\/v2\/posts\/264986","targetHints":{"allow":["GET"]}}],"collection":[{"href":"https:\/\/www.europesays.com\/ee\/wp-json\/wp\/v2\/posts"}],"about":[{"href":"https:\/\/www.europesays.com\/ee\/wp-json\/wp\/v2\/types\/post"}],"author":[{"embeddable":true,"href":"https:\/\/www.europesays.com\/ee\/wp-json\/wp\/v2\/users\/2"}],"replies":[{"embeddable":true,"href":"https:\/\/www.europesays.com\/ee\/wp-json\/wp\/v2\/comments?post=264986"}],"version-history":[{"count":0,"href":"https:\/\/www.europesays.com\/ee\/wp-json\/wp\/v2\/posts\/264986\/revisions"}],"wp:featuredmedia":[{"embeddable":true,"href":"https:\/\/www.europesays.com\/ee\/wp-json\/wp\/v2\/media\/264987"}],"wp:attachment":[{"href":"https:\/\/www.europesays.com\/ee\/wp-json\/wp\/v2\/media?parent=264986"}],"wp:term":[{"taxonomy":"category","embeddable":true,"href":"https:\/\/www.europesays.com\/ee\/wp-json\/wp\/v2\/categories?post=264986"},{"taxonomy":"post_tag","embeddable":true,"href":"https:\/\/www.europesays.com\/ee\/wp-json\/wp\/v2\/tags?post=264986"}],"curies":[{"name":"wp","href":"https:\/\/api.w.org\/{rel}","templated":true}]}}