{"id":264990,"date":"2026-08-31T14:29:11","date_gmt":"2026-08-31T14:29:11","guid":{"rendered":"https:\/\/www.europesays.com\/ee\/264990\/"},"modified":"2026-08-31T14:29:11","modified_gmt":"2026-08-31T14:29:11","slug":"ule-saja-miljoni-mees-oleks-aarepealt-tootanud-real-madridi-vastu-soccernet-ee","status":"publish","type":"post","link":"https:\/\/www.europesays.com\/ee\/264990\/","title":{"rendered":"\u00dcle saja miljoni mees oleks \u00e4\u00e4repealt t\u00f6\u00f6tanud Real Madridi vastu &#8211; Soccernet.ee"},"content":{"rendered":"<p><img decoding=\"async\" src=\"https:\/\/www.europesays.com\/ee\/wp-content\/uploads\/2026\/08\/1788114076.jpg\" alt=\"Real Madrid tegi Malagale kindlalt \u00e4ra. Foto: Scanpix \/ Thomas Coex \/ AFP\"\/>&#13;\n<\/p>\n<p>T\u00e4navuse MM-i komeet Yan Diomande oleks \u00e4\u00e4repealt maksnud Real Madridile hooaja esimese nullim\u00e4ngu. V\u00f5it sai muidugi \u00e4ra otsustatud juba poole tunniga.<\/p>\n<p>Hispaania k\u00f5rgliiga kolmandas voorus v\u00f5\u00f5rustas Real Madrid aastate j\u00e4rel taas tippu kuuluvat Malagat. Seda pealinnas k\u00fcll eriti t\u00f5estada ei \u00f5nnestunud, sest 36-kordne meister juhtis 30. minutiks juba 3:0. Ligi k\u00fcmneminutilises aknas tegid skoori Jude Bellingham ja Kylian Mbappe ning \u00fcks tabamus l\u00e4ks p\u00e4\u00e4stet\u00f6\u00f6del eba\u00f5nnestunud v\u00e4ravavahi Alfonso Herrero nimele.&#13;\n<\/p>\n<p>Teisel poolajal p\u00fc\u00fcdis pilke ka MM-il tegusid teinud 125 miljonit eurot maksnud Yan Diomande, kes sekkus ka sel korral paarik\u00fcmneks minutiks pingilt. 85. minutil oli ta tegus hoopis oma kastis, kui j\u00e4i Haitam Abaida karistusl\u00f6\u00f6ki blokeerides vahele k\u00e4ega m\u00e4nguga. Peakohtunik vilistas penalti, mille VAR soovitas \u00fcle vaadata. N\u00e4hes kaadreid, et Diomande k\u00e4si j\u00e4i ette p\u00e4rast Antonio R\u00fcdigeri klaarimist, hindas kohtunik olukorra loomulikuks ning Malaga j\u00e4i penaltita. Siis andis t\u00fchja l\u00fckanud Arda G\u00fcler m\u00e4ngule l\u00f5ppakordi.&#13;\n<\/p>\n<p>4:0 v\u00f5idu teeninud Real Madrid j\u00e4tkab \u00fches FC Barcelonaga, kel on m\u00e4ng veel ees, t\u00e4iseduga. Mbappe on juba nelja v\u00e4ravaga liiga suurim skooritegija.&#13;<\/p>\n","protected":false},"excerpt":{"rendered":"&#13; T\u00e4navuse MM-i komeet Yan Diomande oleks \u00e4\u00e4repealt maksnud Real Madridile hooaja esimese nullim\u00e4ngu. V\u00f5it sai muidugi \u00e4ra&hellip;\n","protected":false},"author":2,"featured_media":264991,"comment_status":"","ping_status":"","sticky":false,"template":"","format":"standard","meta":{"footnotes":"","_share_on_mastodon":"0"},"categories":[18],"tags":[46746,37,33,35,34,36,110,3330,6790,35105,5112,609,159,158],"class_list":["post-264990","post","type-post","status-publish","format-standard","has-post-thumbnail","category-sport","tag-diomande","tag-ee","tag-eesti","tag-eesti-keel","tag-estonia","tag-estonian","tag-hispaania","tag-hispaania-korgliiga","tag-laliga","tag-malaga","tag-mbappe","tag-real-madrid","tag-sport","tag-sports"],"share_on_mastodon":{"url":"https:\/\/pubeurope.com\/@ee\/117190601522295613","error":""},"_links":{"self":[{"href":"https:\/\/www.europesays.com\/ee\/wp-json\/wp\/v2\/posts\/264990","targetHints":{"allow":["GET"]}}],"collection":[{"href":"https:\/\/www.europesays.com\/ee\/wp-json\/wp\/v2\/posts"}],"about":[{"href":"https:\/\/www.europesays.com\/ee\/wp-json\/wp\/v2\/types\/post"}],"author":[{"embeddable":true,"href":"https:\/\/www.europesays.com\/ee\/wp-json\/wp\/v2\/users\/2"}],"replies":[{"embeddable":true,"href":"https:\/\/www.europesays.com\/ee\/wp-json\/wp\/v2\/comments?post=264990"}],"version-history":[{"count":0,"href":"https:\/\/www.europesays.com\/ee\/wp-json\/wp\/v2\/posts\/264990\/revisions"}],"wp:featuredmedia":[{"embeddable":true,"href":"https:\/\/www.europesays.com\/ee\/wp-json\/wp\/v2\/media\/264991"}],"wp:attachment":[{"href":"https:\/\/www.europesays.com\/ee\/wp-json\/wp\/v2\/media?parent=264990"}],"wp:term":[{"taxonomy":"category","embeddable":true,"href":"https:\/\/www.europesays.com\/ee\/wp-json\/wp\/v2\/categories?post=264990"},{"taxonomy":"post_tag","embeddable":true,"href":"https:\/\/www.europesays.com\/ee\/wp-json\/wp\/v2\/tags?post=264990"}],"curies":[{"name":"wp","href":"https:\/\/api.w.org\/{rel}","templated":true}]}}