{"id":264992,"date":"2026-08-31T14:30:10","date_gmt":"2026-08-31T14:30:10","guid":{"rendered":"https:\/\/www.europesays.com\/ee\/264992\/"},"modified":"2026-08-31T14:30:10","modified_gmt":"2026-08-31T14:30:10","slug":"lahis-ida-pingete-teravnemine-viis-usa-aktsiad-miinusesse","status":"publish","type":"post","link":"https:\/\/www.europesays.com\/ee\/264992\/","title":{"rendered":"L\u00e4his-Ida pingete teravnemine viis USA aktsiad miinusesse"},"content":{"rendered":"<p>USA aktsiaturud alustasid uut n\u00e4dalat langusega, mille taga on kasvav konflikt L\u00e4his-Idas. Olukord kergitas taas nafta hinda ning kasvatas ootust, et F\u00f6deraalreserv v\u00f5ib septembrikuu kohtumisel t\u00f5sta intressim\u00e4\u00e4rasid.<\/p>\n<p><a href=\"#paywall\">Tellijana<\/a> saad artiklit lugedes teada:<\/p>\n<ul>\n<li>kuidas L\u00e4his-Ida pinged ja kallinev nafta v\u00f5ivad m\u00f5jutada USA aktsiaturgude j\u00e4rgmisi samme;<\/li>\n<li>mida t\u00e4hendavad investorite kasvanud intressit\u00f5usu ootused F\u00f6deraalreservi j\u00e4rgmise otsuse eel;<\/li>\n<li>millised Balti b\u00f6rsi aktsiad t\u00f5usid ja langesid p\u00e4eva jooksul k\u00f5ige rohkem.<\/li>\n<\/ul>\n","protected":false},"excerpt":{"rendered":"USA aktsiaturud alustasid uut n\u00e4dalat langusega, mille taga on kasvav konflikt L\u00e4his-Idas. Olukord kergitas taas nafta hinda ning&hellip;\n","protected":false},"author":2,"featured_media":264993,"comment_status":"","ping_status":"","sticky":false,"template":"","format":"standard","meta":{"footnotes":"","_share_on_mastodon":"0"},"categories":[14],"tags":[131,130,37,33,35,34,36],"class_list":["post-264992","post","type-post","status-publish","format-standard","has-post-thumbnail","category-ari","tag-ari","tag-business","tag-ee","tag-eesti","tag-eesti-keel","tag-estonia","tag-estonian"],"share_on_mastodon":{"url":"https:\/\/pubeurope.com\/@ee\/117190605108983901","error":""},"_links":{"self":[{"href":"https:\/\/www.europesays.com\/ee\/wp-json\/wp\/v2\/posts\/264992","targetHints":{"allow":["GET"]}}],"collection":[{"href":"https:\/\/www.europesays.com\/ee\/wp-json\/wp\/v2\/posts"}],"about":[{"href":"https:\/\/www.europesays.com\/ee\/wp-json\/wp\/v2\/types\/post"}],"author":[{"embeddable":true,"href":"https:\/\/www.europesays.com\/ee\/wp-json\/wp\/v2\/users\/2"}],"replies":[{"embeddable":true,"href":"https:\/\/www.europesays.com\/ee\/wp-json\/wp\/v2\/comments?post=264992"}],"version-history":[{"count":0,"href":"https:\/\/www.europesays.com\/ee\/wp-json\/wp\/v2\/posts\/264992\/revisions"}],"wp:featuredmedia":[{"embeddable":true,"href":"https:\/\/www.europesays.com\/ee\/wp-json\/wp\/v2\/media\/264993"}],"wp:attachment":[{"href":"https:\/\/www.europesays.com\/ee\/wp-json\/wp\/v2\/media?parent=264992"}],"wp:term":[{"taxonomy":"category","embeddable":true,"href":"https:\/\/www.europesays.com\/ee\/wp-json\/wp\/v2\/categories?post=264992"},{"taxonomy":"post_tag","embeddable":true,"href":"https:\/\/www.europesays.com\/ee\/wp-json\/wp\/v2\/tags?post=264992"}],"curies":[{"name":"wp","href":"https:\/\/api.w.org\/{rel}","templated":true}]}}