{"id":264996,"date":"2026-08-31T14:33:20","date_gmt":"2026-08-31T14:33:20","guid":{"rendered":"https:\/\/www.europesays.com\/ee\/264996\/"},"modified":"2026-08-31T14:33:20","modified_gmt":"2026-08-31T14:33:20","slug":"politsei-uurib-kuuli-saanud-naise-seost-teisegi-autolohkumisega-kivivise-voib-maksta-70-000-eurot","status":"publish","type":"post","link":"https:\/\/www.europesays.com\/ee\/264996\/","title":{"rendered":"Politsei uurib kuuli saanud naise seost teisegi autol\u00f5hkumisega. Kivivise v\u00f5ib maksta 70 000 eurot"},"content":{"rendered":"<p class=\"isSelectedEnd\">Politsei ei ole seni naise isikut tuvastanud. Pole aga v\u00e4listatud, et tegu on sama naisega, kes p\u00e4ev hiljem vanalinnas Audit l\u00f5hkus. <\/p>\n<p class=\"isSelectedEnd\">\u201eSeni kogutud info viitab, et tegemist v\u00f5ib olla sama naisega, kuid kontrollime seda t\u00e4psemalt menetluse k\u00e4igus,\u201c \u00fctles Ekspressile P\u00f5hja prefektuuri menetlustalituse juht Anders Allandi. <\/p>\n<p>Audi l\u00f5hkumine p\u00e4\u00e4dis tulistamisega<\/p>\n<p>Reede \u00f5htul viskas 50-aastane naine M\u00fc\u00fcrivahe t\u00e4naval kortermaja aknast kiviga puruks maja ees seisnud <a rel=\"noopener nofollow\" target=\"_blank\" href=\"https:\/\/www.delfi.ee\/teema\/23750063\/audi-tt\" tag-id=\"23750063\">Audi TT<\/a> esiklaasi. Veidi hiljem teatati, et naine vehib aknal relvataolise esemega.<\/p>\n<p>Korterisse sisenenud politseinikele astus naine vastu noaga ega allunud korraldustele see maha panna. Politsei teatel muutus ta agressiivseks ja vehkis noaga korrakaitsjate ees, misj\u00e4rel \u00fcks politseinik tulistas teda. Naine viidi haiglasse. Tema elu ei ole ohus.<\/p>\n<p>Politsei uurib kriminaalmenetluste k\u00e4igus, kas kaks juhtumit on omavahel seotud.<\/p>\n<p>Transpordiameti andmetel oli augusti alguse seisuga Eestis arvel viis Lamborghini Aventadori. <\/p>\n<p>Kuidas see lugu Sind end tundma pani?Saada<a href=\"https:\/\/ekspress.delfi.ee\/artikkel\/120607240\/naine-lohkus-kiviga-lamborghini-akna-esialgne-kahju-ulatub-70-000-euroni\/kommentaarid\" class=\"button button--primary button--size-auto article-body-bottom__comment article-body-bottom__comment--write\" style=\"\" rel=\"nofollow noopener\" target=\"_blank\">Kommenteeri<\/a><a href=\"https:\/\/ekspress.delfi.ee\/artikkel\/120607240\/naine-lohkus-kiviga-lamborghini-akna-esialgne-kahju-ulatub-70-000-euroni\/kommentaarid\" class=\"button button--size-auto article-body-bottom__comment article-body-bottom__comment--read\" style=\"\" rel=\"nofollow noopener\" target=\"_blank\">Loe kommentaare (59)<\/a><\/p>\n","protected":false},"excerpt":{"rendered":"Politsei ei ole seni naise isikut tuvastanud. Pole aga v\u00e4listatud, et tegu on sama naisega, kes p\u00e4ev hiljem&hellip;\n","protected":false},"author":2,"featured_media":264997,"comment_status":"","ping_status":"","sticky":false,"template":"","format":"standard","meta":{"footnotes":"","_share_on_mastodon":"0"},"categories":[5],"tags":[102896,26,27,37,33,35,34,36,31,32,21,7137,102897,28,29,19,353,25,19416,1643,23,24,22,20,7408,30],"class_list":["post-264996","post","type-post","status-publish","format-standard","has-post-thumbnail","category-uldised-uudised","tag-audi-tt","tag-breaking-news","tag-breakingnews","tag-ee","tag-eesti","tag-eesti-keel","tag-estonia","tag-estonian","tag-featured-news","tag-featurednews","tag-headlines","tag-kriminaalmenetlus","tag-lamborghini-aventador","tag-latest-news","tag-latestnews","tag-news","tag-politsei","tag-populaarseimad-lood","tag-tallinna-kesklinn","tag-tallinna-vanalinn","tag-top-stories","tag-topstories","tag-uldised-uudised","tag-uudised","tag-vandalism","tag-viimased-uudised"],"share_on_mastodon":{"url":"https:\/\/pubeurope.com\/@ee\/117190617038681326","error":""},"_links":{"self":[{"href":"https:\/\/www.europesays.com\/ee\/wp-json\/wp\/v2\/posts\/264996","targetHints":{"allow":["GET"]}}],"collection":[{"href":"https:\/\/www.europesays.com\/ee\/wp-json\/wp\/v2\/posts"}],"about":[{"href":"https:\/\/www.europesays.com\/ee\/wp-json\/wp\/v2\/types\/post"}],"author":[{"embeddable":true,"href":"https:\/\/www.europesays.com\/ee\/wp-json\/wp\/v2\/users\/2"}],"replies":[{"embeddable":true,"href":"https:\/\/www.europesays.com\/ee\/wp-json\/wp\/v2\/comments?post=264996"}],"version-history":[{"count":0,"href":"https:\/\/www.europesays.com\/ee\/wp-json\/wp\/v2\/posts\/264996\/revisions"}],"wp:featuredmedia":[{"embeddable":true,"href":"https:\/\/www.europesays.com\/ee\/wp-json\/wp\/v2\/media\/264997"}],"wp:attachment":[{"href":"https:\/\/www.europesays.com\/ee\/wp-json\/wp\/v2\/media?parent=264996"}],"wp:term":[{"taxonomy":"category","embeddable":true,"href":"https:\/\/www.europesays.com\/ee\/wp-json\/wp\/v2\/categories?post=264996"},{"taxonomy":"post_tag","embeddable":true,"href":"https:\/\/www.europesays.com\/ee\/wp-json\/wp\/v2\/tags?post=264996"}],"curies":[{"name":"wp","href":"https:\/\/api.w.org\/{rel}","templated":true}]}}